{"id":114972,"date":"2021-04-15T04:44:00","date_gmt":"2021-04-15T08:44:00","guid":{"rendered":"https:\/\/linitiative.ca\/International\/rym-ghachem-attia-une-tunisie-souffrante\/"},"modified":"2021-04-15T04:44:00","modified_gmt":"2021-04-15T08:44:00","slug":"rym-ghachem-attia-une-tunisie-souffrante","status":"publish","type":"post","link":"https:\/\/linitiative.ca\/International\/rym-ghachem-attia-une-tunisie-souffrante\/","title":{"rendered":"Rym Ghachem Attia: Une Tunisie souffrante"},"content":{"rendered":"<p><img decoding=\"async\" src=\"\/uploads\/FCK_files\/Rym-Ghachem-Attia(4).jpg\" alt=\"\" width=\"20%\" vspace=\"5\" hspace=\"5\" align=\"left\"\/>Ce qui s\u2019est pass\u00e9 dans l\u2019avion le 10 avril 2021 nous donne \u00e0 voir la grande souffrance de la soci\u00e9t\u00e9 tunisienne et son d\u00e9sarroi d\u2019aujourd\u2019hui:<\/p>\n<p class=\"c3\"><span class=\"c2\"><strong>\u2022<\/strong><\/span> La dispute violente entre deux jeunes femmes<\/p>\n<p class=\"c3\"><span class=\"c2\"><strong>\u2022<\/strong><\/span> Les mamans voil\u00e9es s\u2019en m\u00ealent et mettent de l\u2019huile sur le feu<\/p>\n<p class=\"c3\"><span class=\"c2\"><strong>\u2022<\/strong><\/span> L\u2019autorit\u00e9 (steward) est d\u00e9pass\u00e9e, incapable de g\u00e9rer cette gabegie.<\/p>\n<p>Le fait est g\u00e9n\u00e9ral, il est pathognomonique de la Tunisie d\u2019aujourd\u2019hui. Partout, on sent des personnes pr\u00eates \u00e0 exploser, la l\u00e9gitimit\u00e9 n\u2019est accord\u00e9e \u00e0 personne. Le bain de sang serait il la solution ? Ne pourrait-on pas trouver des personnes charismatiques, ayant quelque l\u00e9gitimit\u00e9 ou ascendant et capables de g\u00e9rer ces crises sociales, \u00e9conomiques et psychologiques d\u2019un niveau infantile. On se croirait en pleine crise d\u2019adolescence, sans limite et sans surmoi.<\/p>\n<p>On peut ainsi faire le lien avec l\u2019ambivalence qui pr\u00e9vaut en mati\u00e8re de vaccination de la population contre la Covid-19. En effet, on d\u00e9nombre moins d\u2019un million d\u2019inscrits malgr\u00e9 les efforts de communication, mais tout le monde est m\u00e9content ! Chacun se consid\u00e8re comme prioritaire; les soignants, les r\u00e9animateurs, les infectiologues, les personnes en relation avec le public, les personnes \u00e2g\u00e9es, les personnes malades, etc. Chacun se sent plus ou moins l\u00e9s\u00e9 !\u00a0<\/p>\n<p>J\u2019ai eu \u00e0 visiter plusieurs centres de vaccination, l\u2019accueil est impeccable, vraiment en un temps record tout a \u00e9t\u00e9 mis en place. Mais on continue \u00e0 critiquer les soignants, les structures et \u00e0 les agresser. Pourquoi ? La vaccination n\u2019est pas obligatoire, mais elle est indispensable \u00e0 notre survie sociale et \u00e9conomique: ne c\u00e9dons pas \u00e0 la panique que certains voudraient insuffler. Essayons plut\u00f4t de trouver les solutions. Mais aussi faut-il que les autorit\u00e9s comp\u00e9tentes jouent le jeu en toute transparence et nous informent en temps utile, que les r\u00e9sultats du suivi \u00e9pid\u00e9miologiques soient analys\u00e9s et communiqu\u00e9s, qu\u2019on comprenne:<\/p>\n<p class=\"c3\"><span class=\"c2\"><strong>\u2022<\/strong><\/span> Qui sont ces 10000 personnes d\u00e9c\u00e9d\u00e9es de la Covid-19? Leur profil, les facteurs de risque? Quelles sont les professions \u00e0 risque?<\/p>\n<p class=\"c3\"><span class=\"c2\"><strong>\u2022<\/strong><\/span> Y aurait-il une corr\u00e9lation avec le groupe sanguin?<\/p>\n<p class=\"c3\"><span class=\"c2\"><strong>\u2022<\/strong><\/span> Quels sont les m\u00e9dicaments protecteurs? Y aurait-il des m\u00e9dicaments \u00e0 \u00e9viter?<\/p>\n<p>Oui, il semble que de nombreux scientifiques tunisiens travaillent sur le th\u00e8me, mais pourquoi ne travaillent-ils pas ensemble? Pourquoi n\u2019avons-nous pas une communication coh\u00e9rente et coll\u00e9giale? L\u2019impression que nous avons, est que le tunisien sait travailler seul, mais n\u2019arrive pas \u00e0 travailler en collectivit\u00e9; chacun veut avoir raison et se croit expert en tout. Cependant ces m\u00eames tunisiens brillent \u00e0 l\u2019\u00e9tranger, partout dans le monde semble-t-il, dans ce contexte ils sont int\u00e9gr\u00e9s \u00e0 des \u00e9quipes et ne peuvent pas faire cavalier seul; alors pourquoi pas en Tunisie? Le temps de se serrer les coudes et de laisser nos \u00e9gos de c\u00f4t\u00e9 n\u2019est-il pas venu ? Soyons modestes! Arr\u00eatons de vouloir \u00abdonner \u00e0 voir\u00bb mais essayons plut\u00f4t d\u2019\u00eatre uniquement ce qu\u2019on est et de travailler humblement.<\/p>\n<p>Il est vrai qu\u2019il est difficile de vivre dans cette ambiance d\u2019agressivit\u00e9 et de rester exemplaire, rester fid\u00e8le aux r\u00e8gles et \u00e0 l\u2019\u00e9thique. Cette nuisance ambiante provoque une d\u00e9pression hostile. On se met \u00e0 projeter le mal partout, le \u00abcomplotisme\u00bb est \u00e0 son paroxysme.<\/p>\n<p>Cependant, aujourd\u2019hui le temps est \u00e0 l\u2019apaisement, le mois de Ramadan est l\u00e0; il s\u2019agit d\u2019un mois de g\u00e9n\u00e9rosit\u00e9, de sagesse et de paix. Arr\u00eatons de nous attaquer les uns les autres et de provoquer des disputes. Les minist\u00e8res ainsi que les institutions continuent \u00e0 fonctionner malgr\u00e9 ces guerres intestines, mais aucun ne peut mettre en \u0153uvre son pouvoir r\u00e9galien, aucune autorit\u00e9 n\u2019est exerc\u00e9e sur aucun, nous semble-t-il.<br \/>L\u2019impact de cette dite r\u00e9volution ne deviendra positif que si chacun d\u2019entre nous fait face \u00e0 ses responsabilit\u00e9s! Il faut qu\u2019on tient debout jusqu\u2019\u00e0 la fin! Nous nous battrons pour y arriver. Nous le devons \u00e0 nous-m\u00eames et surtout \u00e0 nos enfants et \u00e0 nos parents.<\/p>\n<p class=\"c5\"><strong>Pr. Rym Ghachem Attia<\/strong><br \/><span class=\"c4\"><em>H\u00f4pital RAZI Service Pinel<\/em><\/span><br \/>\u00a0<\/p>\n<p>Auteur:<br \/>\n<a href=\"https:\/\/www.leaders.com.tn\/article\/31722-rym-ghachem-attia-une-tunisie-souffrante\">Cliquez ici pour lire l&rsquo;article depuis sa source.<\/a><\/p>\n","protected":false},"excerpt":{"rendered":"<p>Ce qui s\u2019est pass\u00e9 dans l\u2019avion le 10 avril 2021 nous donne \u00e0 voir la grande souffrance de la soci\u00e9t\u00e9 tunisienne et son d\u00e9sarroi d\u2019aujourd\u2019hui: \u2022 La dispute violente entre deux jeunes femmes \u2022 Les mamans voil\u00e9es s\u2019en m\u00ealent et mettent de l\u2019huile sur le feu \u2022 L\u2019autorit\u00e9 (steward) est d\u00e9pass\u00e9e, incapable de g\u00e9rer cette [&hellip;]<\/p>\n","protected":false},"author":1772,"featured_media":0,"comment_status":"closed","ping_status":"closed","sticky":false,"template":"","format":"standard","meta":{"fifu_image_url":"\/uploads\/FCK_files\/Rym-Ghachem-Attia(4).jpg","fifu_image_alt":"Rym Ghachem Attia: Une Tunisie souffrante","footnotes":""},"categories":[73,55],"tags":[],"class_list":["post-114972","post","type-post","status-publish","format-standard","hentry","category-actualite","category-tunisie"],"_links":{"self":[{"href":"https:\/\/linitiative.ca\/International\/wp-json\/wp\/v2\/posts\/114972","targetHints":{"allow":["GET"]}}],"collection":[{"href":"https:\/\/linitiative.ca\/International\/wp-json\/wp\/v2\/posts"}],"about":[{"href":"https:\/\/linitiative.ca\/International\/wp-json\/wp\/v2\/types\/post"}],"author":[{"embeddable":true,"href":"https:\/\/linitiative.ca\/International\/wp-json\/wp\/v2\/users\/1772"}],"replies":[{"embeddable":true,"href":"https:\/\/linitiative.ca\/International\/wp-json\/wp\/v2\/comments?post=114972"}],"version-history":[{"count":0,"href":"https:\/\/linitiative.ca\/International\/wp-json\/wp\/v2\/posts\/114972\/revisions"}],"wp:attachment":[{"href":"https:\/\/linitiative.ca\/International\/wp-json\/wp\/v2\/media?parent=114972"}],"wp:term":[{"taxonomy":"category","embeddable":true,"href":"https:\/\/linitiative.ca\/International\/wp-json\/wp\/v2\/categories?post=114972"},{"taxonomy":"post_tag","embeddable":true,"href":"https:\/\/linitiative.ca\/International\/wp-json\/wp\/v2\/tags?post=114972"}],"curies":[{"name":"wp","href":"https:\/\/api.w.org\/{rel}","templated":true}]}}