{"id":114976,"date":"2021-04-15T10:21:00","date_gmt":"2021-04-15T14:21:00","guid":{"rendered":"https:\/\/linitiative.ca\/International\/epson-pilote-une-enquete-sur-les-festivites-post-covid\/"},"modified":"2021-04-15T10:21:00","modified_gmt":"2021-04-15T14:21:00","slug":"epson-pilote-une-enquete-sur-les-festivites-post-covid","status":"publish","type":"post","link":"https:\/\/linitiative.ca\/International\/epson-pilote-une-enquete-sur-les-festivites-post-covid\/","title":{"rendered":"Epson pilote une enqu\u00eate sur les festivit\u00e9s post-covid"},"content":{"rendered":"<p>Une nouvelle \u00e9tude europ\u00e9enne command\u00e9e par Epson, premier fabricant mondial de projecteurs, r\u00e9v\u00e8le que le secteur de l&rsquo;\u00e9v\u00e9nementiel conna\u00eetra un fort rebond\u00a0 lorsque les mesures de confinement seront enfin lev\u00e9es. L&rsquo;\u00e9tude, qui a \u00e9t\u00e9 con\u00e7ue avec l&rsquo;aide d&rsquo;un psychologue de renom et d&rsquo;un expert de l&rsquo;impact des pand\u00e9mies sur le comportement social, sugg\u00e8re que les Europ\u00e9ens se retrouveront emport\u00e9s par une vague de f\u00eate post-pand\u00e9mie d&rsquo;enthousiasme joyeux pour les \u00e9v\u00e9nements organis\u00e9s tels que les festivals, les concerts, les spectacles vivants et les attractions touristiques.<\/p>\n<p>Epson est le premier fabricant mondial de projecteurs, avec plus d&rsquo;un tiers du march\u00e9 mondial des projecteurs. Ses projecteurs laser \u00e0 haute luminosit\u00e9 sont utilis\u00e9s pour cr\u00e9er des environnements exp\u00e9rientiels immersifs et interactifs pour les \u00e9v\u00e9nements et les attractions touristiques. Epson a command\u00e9 une nouvelle \u00e9tude pour \u00e9valuer comment le secteur europ\u00e9en de l&rsquo;\u00e9v\u00e9nementiel allait r\u00e9pondre \u00e0 la demande des consommateurs apr\u00e8s la pand\u00e9mie.<\/p>\n<p>Le r\u00e9sultat le plus prometteur sugg\u00e8re que la demande de participation \u00e0 des \u00e9v\u00e9nements sera encore plus forte apr\u00e8s la pand\u00e9mie qu&rsquo;elle ne l&rsquo;\u00e9tait avant le d\u00e9but des restrictions. Une forte proportion (83%) pr\u00e9voit d&rsquo;assister au m\u00eame nombre d&rsquo;\u00e9v\u00e9nements ou \u00e0 un plus grand nombre d&rsquo;\u00e9v\u00e9nements une fois les restrictions lev\u00e9es et, parmi ceux qui pr\u00e9voient d&rsquo;assister \u00e0 davantage d&rsquo;\u00e9v\u00e9nements, plus de la moiti\u00e9 (56%) ont d\u00e9clar\u00e9 qu&rsquo;ils iraient \u00e0 davantage d&rsquo;\u00e9v\u00e9nements parce que \u00ab\u00a0la vie est courte\u00a0\u00bb et qu&rsquo;ils veulent \u00ab\u00a0rattraper le temps perdu\u00a0\u00bb.<\/p>\n<p>L&rsquo;enqu\u00eate men\u00e9e aupr\u00e8s de 2 500 consommateurs europ\u00e9ens (Royaume-Uni, France, Italie, Espagne et Allemagne) a r\u00e9v\u00e9l\u00e9 que pr\u00e8s de neuf personnes sur dix (89 %) ont d\u00e9clar\u00e9 que la participation \u00e0 des \u00e9v\u00e9nements organis\u00e9s leur manquait et que plus de neuf personnes sur dix (92 %) se r\u00e9jouissaient de participer \u00e0 de nouveaux \u00e9v\u00e9nements une fois les restrictions lev\u00e9es.<\/p>\n<p>L&rsquo;enqu\u00eate a \u00e9t\u00e9 con\u00e7ue avec l&rsquo;aide du professeur Steven Taylor, un psychologue qui a \u00e9tudi\u00e9 l&rsquo;impact des pand\u00e9mies sur le comportement social humain.<\/p>\n<p>\u00ab\u00a0L&rsquo;enqu\u00eate indique que l&rsquo;\u00e9crasante majorit\u00e9 des gens sont impatients de reprendre leur vie sociale d&rsquo;avant la pand\u00e9mie, ce qui inclut la participation \u00e0 des \u00e9v\u00e9nements exp\u00e9rientiels en direct\u00a0\u00bb, a comment\u00e9 le professeur Steven Taylor.<\/p>\n<p>L&rsquo;analyse des r\u00e9sultats par le professeur Taylor sugg\u00e8re \u00e9galement que les gens ont peut-\u00eatre sous-estim\u00e9 leur empressement \u00e0 assister \u00e0 des \u00e9v\u00e9nements en direct, et que le rebond sera encore plus important que pr\u00e9vu.<\/p>\n<p>Menel Kridis, responsable \u00e0 Epson Tunisie, ajoute : \u00ab\u00a0Le secteur de l&rsquo;\u00e9v\u00e9nementiel doit se pr\u00e9parer \u00e0 une hausse sans pr\u00e9c\u00e9dent de la demande une fois le verrouillage termin\u00e9. Il est probable que le rebond soit encore plus fort que ce que les gens pourraient imaginer.<\/p>\n<p>\u00ab\u00a0Le secteur de l&rsquo;\u00e9v\u00e9nementiel a beaucoup souffert du confinement, mais cette \u00e9tude montre qu&rsquo;il y a de la lumi\u00e8re au bout du tunnel. Nous pouvons nous attendre \u00e0 une ambiance de f\u00eate s\u00e9rieuse apr\u00e8s la pand\u00e9mie et les organisateurs d&rsquo;\u00e9v\u00e9nements et d&rsquo;attractions vont maintenant se pr\u00e9parer \u00e0 tirer le meilleur parti de l&rsquo;augmentation de la demande.\u00a0\u00bb<\/p>\n<p><span class=\"c2\"><strong>Privation d&rsquo;\u00e9v\u00e9nements<\/strong><\/span><\/p>\n<p>L&rsquo;\u00e9tude r\u00e9v\u00e8le que de nombreuses personnes disent avoir pass\u00e9 le confinement \u00e0 manquer des \u00e9v\u00e9nements et \u00e0 se souvenir de ceux auxquels elles avaient assist\u00e9 auparavant. Plus de la moiti\u00e9 ont pass\u00e9 le confinement \u00e0 partager des souvenirs d&rsquo;\u00e9v\u00e9nements pass\u00e9s avec leurs amis et leur famille, et 51 % ont admis avoir regard\u00e9 des concerts et des \u00e9v\u00e9nements en ligne ou \u00e0 la t\u00e9l\u00e9vision au lieu d&rsquo;assister \u00e0 des \u00e9v\u00e9nements.<\/p>\n<p><span class=\"c2\"><strong>Croissance post-traumatique<\/strong><\/span><\/p>\n<p>L&rsquo;\u00e9tude r\u00e9v\u00e8le que la pand\u00e9mie a incit\u00e9 les gens \u00e0 appr\u00e9cier davantage les petites choses et \u00e0 accorder une plus grande valeur \u00e0 ce qui leur a \u00e9t\u00e9 refus\u00e9.\u00a0 Il en r\u00e9sulterait probablement une p\u00e9riode de plus grande appr\u00e9ciation ou de \u00ab\u00a0croissance post-traumatique\u00a0\u00bb une fois les restrictions lev\u00e9es.<\/p>\n<p>Dans l&rsquo;ensemble, plus de la moiti\u00e9 (56 %) disent qu&rsquo;ils \u00a0\u00bb saisiront toutes les occasions de vivre pleinement leur vie ou de sortir et de s&rsquo;amuser \u00a0\u00bb une fois le confinement termin\u00e9.<\/p>\n<p><span class=\"c2\"><strong>Epson en projection<\/strong><\/span><\/p>\n<p>Epson est le premier fabricant mondial de projecteurs, avec plus d&rsquo;un tiers du march\u00e9 mondial des projecteurs. Elle est sp\u00e9cialis\u00e9e dans la fabrication de technologies de projection laser 3LCD compactes, polyvalentes et \u00e0 haute luminosit\u00e9 pour les foyers, les bureaux, les \u00e9coles, les d\u00e9taillants et les installations \u00e0 grande \u00e9chelle dans les lieux de divertissement, les mus\u00e9es, les galeries, les \u00e9v\u00e9nements en plein air et les attractions touristiques.<\/p>\n<p>Les projecteurs laser Epson \u00e0 haute luminosit\u00e9 sont utilis\u00e9s pour cr\u00e9er des environnements exp\u00e9rientiels immersifs et interactifs dans les principaux sites et attractions touristiques du monde entier. Parmi les exemples r\u00e9cents d&rsquo;utilisation de la technologie AV d&rsquo;Epson, nous retrouvons l&rsquo;Electric Forest Music Festival aux Etats Unis, l&rsquo;installation TeamLab Borderless \u00e0 Shanghai et le Festival international des lumi\u00e8res en Europe.<\/p>\n<p>La technologie AV d&rsquo;Epson a un impact sur la productivit\u00e9 des salles de classe et d&rsquo;autres environnements d&rsquo;apprentissage dans le monde entier, am\u00e9liore l&rsquo;exp\u00e9rience de vente au d\u00e9tail et aide une s\u00e9rie de secteurs industriels avec des capacit\u00e9s d&rsquo;assistance \u00e0 distance.<\/p>\n<p><span class=\"c3\"><strong>\u00c0 propos de l&rsquo;\u00e9tude<\/strong><\/span><\/p>\n<p>Epson a demand\u00e9 \u00e0 Arlington Research de mener une \u00e9tude sur les adultes de plus de 18 ans qui ont assist\u00e9 \u00e0 un ou plusieurs \u00e9v\u00e9nements technologiques au cours des 12 derniers mois. Une enqu\u00eate en ligne a \u00e9t\u00e9 men\u00e9e aupr\u00e8s de 2 500 personnes dans cinq pays d&rsquo;Europe : Royaume-Uni (500 r\u00e9pondants), France (500 r\u00e9pondants), Allemagne (500 r\u00e9pondants), Italie (500 r\u00e9pondants) et Espagne (500 r\u00e9pondants). Des quotas ont \u00e9t\u00e9 appliqu\u00e9s afin que l&rsquo;\u00e9tude pr\u00e9sente une r\u00e9partition \u00e9gale d&rsquo;hommes et de femmes, ainsi qu&rsquo;une r\u00e9partition de l&rsquo;\u00e2ge et de la r\u00e9gion par pays.<br \/>\u00a0<\/p>\n<p>Auteur:<br \/>\n<a href=\"https:\/\/www.leaders.com.tn\/article\/31726-epson-pilote-une-enquete-sur-les-festivites-post-covid\">Cliquez ici pour lire l&rsquo;article depuis sa source.<\/a><\/p>\n","protected":false},"excerpt":{"rendered":"<p>Une nouvelle \u00e9tude europ\u00e9enne command\u00e9e par Epson, premier fabricant mondial de projecteurs, r\u00e9v\u00e8le que le secteur de l&rsquo;\u00e9v\u00e9nementiel conna\u00eetra un fort rebond\u00a0 lorsque les mesures de confinement seront enfin lev\u00e9es. L&rsquo;\u00e9tude, qui a \u00e9t\u00e9 con\u00e7ue avec l&rsquo;aide d&rsquo;un psychologue de renom et d&rsquo;un expert de l&rsquo;impact des pand\u00e9mies sur le comportement social, sugg\u00e8re que les [&hellip;]<\/p>\n","protected":false},"author":1772,"featured_media":0,"comment_status":"closed","ping_status":"closed","sticky":false,"template":"","format":"standard","meta":{"fifu_image_url":"","fifu_image_alt":"","footnotes":""},"categories":[73,55],"tags":[],"class_list":["post-114976","post","type-post","status-publish","format-standard","hentry","category-actualite","category-tunisie"],"_links":{"self":[{"href":"https:\/\/linitiative.ca\/International\/wp-json\/wp\/v2\/posts\/114976","targetHints":{"allow":["GET"]}}],"collection":[{"href":"https:\/\/linitiative.ca\/International\/wp-json\/wp\/v2\/posts"}],"about":[{"href":"https:\/\/linitiative.ca\/International\/wp-json\/wp\/v2\/types\/post"}],"author":[{"embeddable":true,"href":"https:\/\/linitiative.ca\/International\/wp-json\/wp\/v2\/users\/1772"}],"replies":[{"embeddable":true,"href":"https:\/\/linitiative.ca\/International\/wp-json\/wp\/v2\/comments?post=114976"}],"version-history":[{"count":0,"href":"https:\/\/linitiative.ca\/International\/wp-json\/wp\/v2\/posts\/114976\/revisions"}],"wp:attachment":[{"href":"https:\/\/linitiative.ca\/International\/wp-json\/wp\/v2\/media?parent=114976"}],"wp:term":[{"taxonomy":"category","embeddable":true,"href":"https:\/\/linitiative.ca\/International\/wp-json\/wp\/v2\/categories?post=114976"},{"taxonomy":"post_tag","embeddable":true,"href":"https:\/\/linitiative.ca\/International\/wp-json\/wp\/v2\/tags?post=114976"}],"curies":[{"name":"wp","href":"https:\/\/api.w.org\/{rel}","templated":true}]}}