{"id":114979,"date":"2021-04-15T06:00:00","date_gmt":"2021-04-15T10:00:00","guid":{"rendered":"https:\/\/linitiative.ca\/International\/gel\/"},"modified":"2021-04-15T06:00:00","modified_gmt":"2021-04-15T10:00:00","slug":"gel","status":"publish","type":"post","link":"https:\/\/linitiative.ca\/International\/gel\/","title":{"rendered":"Gel"},"content":{"rendered":"<div readability=\"35.844827586207\"><a href=\"\/actualites\/les-dessous-dun-report-provoque-59429\"><\/p>\n<div class=\"image\"><img class=\"lazy\" data-original=\"\/data\/images\/article\/thumbs\/ls-59429les-dessous-dun-report-provoque-7de8d.jpg\"\/><\/p>\n<p><span>1<\/span><\/p>\n<\/div>\n<p><\/a><\/p>\n<p class=\"type-date\"><span>Actualit\u00e9s<\/span> 11:00 | 11-04-2021<\/p>\n<p><a href=\"\/actualites\/les-dessous-dun-report-provoque-59429\"><\/p>\n<h5 class=\"first-title\">Alg\u00e9rie-France<\/h5>\n<p><\/a> <a href=\"\/actualites\/les-dessous-dun-report-provoque-59429\"><\/p>\n<h5 class=\"title\">Les dessous d\u2019un report provoqu\u00e9<\/h5>\n<p><\/a><\/p>\n<p class=\"text\">C\u2019\u00e9tait contre toute attente que le Premier ministre fran\u00e7ais, Jean Castex, annon\u00e7ait, jeudi dans la soir\u00e9e, \u00ab le report \u00bb de la visite qu\u2019il devait effectuer aujourd\u2019hui, dimanche, \u00e0 Alger. Un \u00ab report \u00bb d\u2019autant plus surprenant qu\u2019il s\u2019agit<\/p>\n<\/div>\n<div readability=\"36.185567010309\"><a href=\"\/periscoop\/le-sejour-de-zetchi-59450\"><\/p>\n<div class=\"image\"><img class=\"lazy\" data-original=\"\/data\/images\/article\/thumbs\/ls-le-sejour-de-zetchi-ed555.jpg\"\/><\/p>\n<p><span>2<\/span><\/p>\n<\/div>\n<p><\/a><\/p>\n<p class=\"type-date\"><span>P\u00e9riscoop<\/span> 11:00 | 12-04-2021<\/p>\n<p><a href=\"\/periscoop\/le-sejour-de-zetchi-59450\"><\/p>\n<h5 class=\"first-title\"\/>\n<\/a> <a href=\"\/periscoop\/le-sejour-de-zetchi-59450\"><\/p>\n<h5 class=\"title\">Le s\u00e9jour de Zetchi<\/h5>\n<p><\/a><\/p>\n<p class=\"text\">Le d\u00e9sormais ex-pr\u00e9sident de la FAF, Khe\u00efreddine Zetchi, a pr\u00e9f\u00e9r\u00e9 prendre du recul et fuir la grande pression \u00e0 laquelle il \u00e9tait soumis depuis quelque temps \u00e0 Alger. Selon des indiscr\u00e9tions, l\u2019homme s\u2019offre un s\u00e9jour dans<\/p>\n<\/div>\n<p>Auteur:<br \/>\n<a href=\"https:\/\/www.lesoirdalgerie.com\/periscoop\/gel-59648\">Cliquez ici pour lire l&rsquo;article depuis sa source.<\/a><\/p>\n","protected":false},"excerpt":{"rendered":"<p>1 Actualit\u00e9s 11:00 | 11-04-2021 Alg\u00e9rie-France Les dessous d\u2019un report provoqu\u00e9 C\u2019\u00e9tait contre toute attente que le Premier ministre fran\u00e7ais, Jean Castex, annon\u00e7ait, jeudi dans la soir\u00e9e, \u00ab le report \u00bb de la visite qu\u2019il devait effectuer aujourd\u2019hui, dimanche, \u00e0 Alger. Un \u00ab report \u00bb d\u2019autant plus surprenant qu\u2019il s\u2019agit 2 P\u00e9riscoop 11:00 | 12-04-2021 [&hellip;]<\/p>\n","protected":false},"author":1741,"featured_media":0,"comment_status":"closed","ping_status":"closed","sticky":false,"template":"","format":"standard","meta":{"fifu_image_url":"","fifu_image_alt":"","footnotes":""},"categories":[73,53],"tags":[],"class_list":["post-114979","post","type-post","status-publish","format-standard","hentry","category-actualite","category-algerie"],"_links":{"self":[{"href":"https:\/\/linitiative.ca\/International\/wp-json\/wp\/v2\/posts\/114979","targetHints":{"allow":["GET"]}}],"collection":[{"href":"https:\/\/linitiative.ca\/International\/wp-json\/wp\/v2\/posts"}],"about":[{"href":"https:\/\/linitiative.ca\/International\/wp-json\/wp\/v2\/types\/post"}],"author":[{"embeddable":true,"href":"https:\/\/linitiative.ca\/International\/wp-json\/wp\/v2\/users\/1741"}],"replies":[{"embeddable":true,"href":"https:\/\/linitiative.ca\/International\/wp-json\/wp\/v2\/comments?post=114979"}],"version-history":[{"count":0,"href":"https:\/\/linitiative.ca\/International\/wp-json\/wp\/v2\/posts\/114979\/revisions"}],"wp:attachment":[{"href":"https:\/\/linitiative.ca\/International\/wp-json\/wp\/v2\/media?parent=114979"}],"wp:term":[{"taxonomy":"category","embeddable":true,"href":"https:\/\/linitiative.ca\/International\/wp-json\/wp\/v2\/categories?post=114979"},{"taxonomy":"post_tag","embeddable":true,"href":"https:\/\/linitiative.ca\/International\/wp-json\/wp\/v2\/tags?post=114979"}],"curies":[{"name":"wp","href":"https:\/\/api.w.org\/{rel}","templated":true}]}}