{"id":114980,"date":"2021-04-15T10:23:08","date_gmt":"2021-04-15T14:23:08","guid":{"rendered":"https:\/\/linitiative.ca\/International\/guinee-managem-en-passe-de-demarrer-la-production-dor\/"},"modified":"2021-04-15T10:23:08","modified_gmt":"2021-04-15T14:23:08","slug":"guinee-managem-en-passe-de-demarrer-la-production-dor","status":"publish","type":"post","link":"https:\/\/linitiative.ca\/International\/guinee-managem-en-passe-de-demarrer-la-production-dor\/","title":{"rendered":"Guin\u00e9e : Managem en passe de d\u00e9marrer la production d\u2019or"},"content":{"rendered":"<p><strong>La soci\u00e9t\u00e9 mini\u00e8re marocaine commencera \u00e0 produire de l\u2019or dans sa mine en Guin\u00e9e au second semestre de cette ann\u00e9e dans le cadre de son plan d\u2019expansion en Afrique, a d\u00e9clar\u00e9 son pr\u00e9sident-directeur g\u00e9n\u00e9ral, Imad Toumi, \u00e0 Reuters.<\/strong><\/p>\n<div class=\"c10\">\n<\/div>\n<p>Avec des r\u00e9serves sup\u00e9rieures \u00e0 1,4 million d\u2019onces d\u2019or (une once d\u2019or avoisine les 31 grammes), la mine de Guin\u00e9e, connue sous le nom de Tri-Ki, permettra au groupe <a href=\"http:\/\/www.managemgroup.com\/node\" target=\"_blank\" rel=\"noreferrer noopener\">Managem<\/a> de produire 140.000 onces d\u2019or par an, a pr\u00e9cis\u00e9 Imad Toumi.<\/p>\n<p><strong>Lire aussi | <a href=\"https:\/\/www.challenge.ma\/hyundai-maroc-commercialisation-amorcee-pour-le-nouveau-tucson-181633\/\" target=\"_blank\" rel=\"noreferrer noopener\">Hyundai Maroc : commercialisation amorc\u00e9e pour le nouveau Tucson<\/a><\/strong><\/p>\n<p>Pour rappel, au Soudan, la soci\u00e9t\u00e9 cot\u00e9e \u00e0 Casablanca exploite la mine d\u2019or de Gabgaba o\u00f9 elle s\u2019est associ\u00e9e au groupe chinois <a href=\"https:\/\/www.challenge.ma\/managem-ambitionne-de-doubler-sa-production-dor-du-soudan-173851\/\" target=\"_blank\" rel=\"noreferrer noopener\">Wanbao Mining<\/a> pour augmenter la production \u00e0 cinq tonnes d\u2019or par an. L\u2019or repr\u00e9sente actuellement 20% du chiffre d\u2019affaires de l\u2019entreprise, a not\u00e9 le PDG, ajoutant que Managem esp\u00e8re porter cette part \u00e0 50%.<\/p>\n<p>Auteur: Karim Handaoui<br \/>\n<a href=\"https:\/\/www.challenge.ma\/guinee-managem-en-passe-de-demarrer-la-production-dor-181681\/\">Cliquez ici pour lire l&rsquo;article depuis sa source.<\/a><\/p>\n","protected":false},"excerpt":{"rendered":"<p>La soci\u00e9t\u00e9 mini\u00e8re marocaine commencera \u00e0 produire de l\u2019or dans sa mine en Guin\u00e9e au second semestre de cette ann\u00e9e dans le cadre de son plan d\u2019expansion en Afrique, a d\u00e9clar\u00e9 son pr\u00e9sident-directeur g\u00e9n\u00e9ral, Imad Toumi, \u00e0 Reuters. Avec des r\u00e9serves sup\u00e9rieures \u00e0 1,4 million d\u2019onces d\u2019or (une once d\u2019or avoisine les 31 grammes), la [&hellip;]<\/p>\n","protected":false},"author":1787,"featured_media":0,"comment_status":"closed","ping_status":"closed","sticky":false,"template":"","format":"standard","meta":{"fifu_image_url":"","fifu_image_alt":"","footnotes":""},"categories":[78,54],"tags":[],"class_list":["post-114980","post","type-post","status-publish","format-standard","hentry","category-economie","category-maroc"],"_links":{"self":[{"href":"https:\/\/linitiative.ca\/International\/wp-json\/wp\/v2\/posts\/114980","targetHints":{"allow":["GET"]}}],"collection":[{"href":"https:\/\/linitiative.ca\/International\/wp-json\/wp\/v2\/posts"}],"about":[{"href":"https:\/\/linitiative.ca\/International\/wp-json\/wp\/v2\/types\/post"}],"author":[{"embeddable":true,"href":"https:\/\/linitiative.ca\/International\/wp-json\/wp\/v2\/users\/1787"}],"replies":[{"embeddable":true,"href":"https:\/\/linitiative.ca\/International\/wp-json\/wp\/v2\/comments?post=114980"}],"version-history":[{"count":0,"href":"https:\/\/linitiative.ca\/International\/wp-json\/wp\/v2\/posts\/114980\/revisions"}],"wp:attachment":[{"href":"https:\/\/linitiative.ca\/International\/wp-json\/wp\/v2\/media?parent=114980"}],"wp:term":[{"taxonomy":"category","embeddable":true,"href":"https:\/\/linitiative.ca\/International\/wp-json\/wp\/v2\/categories?post=114980"},{"taxonomy":"post_tag","embeddable":true,"href":"https:\/\/linitiative.ca\/International\/wp-json\/wp\/v2\/tags?post=114980"}],"curies":[{"name":"wp","href":"https:\/\/api.w.org\/{rel}","templated":true}]}}