{"id":114983,"date":"2021-04-15T11:54:03","date_gmt":"2021-04-15T15:54:03","guid":{"rendered":"https:\/\/linitiative.ca\/International\/ouvrir-des-perspectives-par-jamal-berraoui\/"},"modified":"2021-04-15T11:54:03","modified_gmt":"2021-04-15T15:54:03","slug":"ouvrir-des-perspectives-par-jamal-berraoui","status":"publish","type":"post","link":"https:\/\/linitiative.ca\/International\/ouvrir-des-perspectives-par-jamal-berraoui\/","title":{"rendered":"Ouvrir des perspectives [Par Jamal Berraoui]"},"content":{"rendered":"<p><strong>Le ministre de la Sant\u00e9 avait d\u00e9sign\u00e9 le 15 Mai, comme la date du retour \u00e0 une vie normale. Pari perdu, mais on ne peut lui en vouloir. Le propre de ce virus c\u2019est la surprise perp\u00e9tuelle. Il a r\u00e9ussi \u00e0 d\u00e9jouer\u00a0 les pronostics de tous les dirigeants politiques au niveau mondial.<\/strong><\/p>\n<div class=\"c10\">\n<\/div>\n<p>Nous ne ma\u00eetrisons pas le virus et tr\u00e8s peu le rythme de la vaccination \u00e9tant d\u00e9pendants des producteurs. Les scientifiques et le corps m\u00e9dical sont plus dans la peur d\u2019une troisi\u00e8me vague ravageuse et les moyens de l\u2019\u00e9viter, que dans la perspective du retour \u00e0 la normale. Pourtant les op\u00e9rateurs \u00e9conomiques ont besoin de perspectives qui ne peuvent \u00eatre que\u00a0 sous forme de sc\u00e9narios li\u00e9s \u00e0 la situation \u00e9pid\u00e9miologique. Il ne suffit pas de d\u00e9cr\u00e9ter la croissance, la relance, pour l\u2019avoir. L\u2019ingr\u00e9dient principal, c\u2019est la confiance et elle a compl\u00e8tement disparu.<\/p>\n<p><strong>Lire aussi| <a href=\"https:\/\/www.challenge.ma\/bank-al-maghrib-lance-le-service-de-centralisation-des-cheques-irreguliers-181687\/\">Bank Al-Maghrib lance le service de centralisation des ch\u00e8ques irr\u00e9guliers<\/a><\/strong><\/p>\n<p>Prenons le tourisme. A partir de quel taux de couverture vaccinal peut-on permettre aux familles marocaines de bouger\u00a0? Va-t-on utiliser le passeport vaccinal pour rouvrir nos fronti\u00e8res et accueillir un peu de touristes\u00a0? Deux questions qui peuvent inciter les professionnels \u00e0 pr\u00e9parer la saison estivale avec un tant soit peu de s\u00e9r\u00e9nit\u00e9. Le passeport IATA est une autre option.<\/p>\n<p>Ceci vaut aussi pour les autres secteurs qui payent le choix, malheureusement universel, du stop and go. Ils ont les yeux riv\u00e9s sur les annonces du gouvernement, relatives au retard du r\u00e8glement des imp\u00f4ts, aux \u00e9ch\u00e9ances bancaires et aux autres formes d\u2019aide concernant leurs salari\u00e9s. Sans ces donn\u00e9es, ils ne peuvent rien pr\u00e9voir et aucun v\u00e9ritable entrepreneur n\u2019aime agir\u00a0 dans le brouillard.<\/p>\n<p><strong>Lire aussi| <a href=\"https:\/\/www.challenge.ma\/s-m-le-roi-lance-le-chantier-de-la-generalisation-de-la-protection-sociale-181598\/\">S.M. le Roi lance le chantier de la g\u00e9n\u00e9ralisation de la protection sociale<\/a><\/strong><\/p>\n<p>Ce n\u2019est pas un sujet politicien. Le gouvernement doit revenir \u00e0 ce qu\u2019il a fait il y a un an, avec plus ou moins de bonheur. D\u00e9cliner sa feuille de route, secteur par secteur, en discuter avec le patronat, les syndicats, r\u00e9ajuster en cas de besoin. De cela, il est responsable, pas de l\u2019\u00e9volution d\u2019un virus qui provoque des h\u00e9catombes sur tous les continents.<\/p>\n<p>Auteur: challenge<br \/>\n<a href=\"https:\/\/www.challenge.ma\/ouvrir-des-perspectives-181695\/\">Cliquez ici pour lire l&rsquo;article depuis sa source.<\/a><\/p>\n","protected":false},"excerpt":{"rendered":"<p>Le ministre de la Sant\u00e9 avait d\u00e9sign\u00e9 le 15 Mai, comme la date du retour \u00e0 une vie normale. Pari perdu, mais on ne peut lui en vouloir. Le propre de ce virus c\u2019est la surprise perp\u00e9tuelle. Il a r\u00e9ussi \u00e0 d\u00e9jouer\u00a0 les pronostics de tous les dirigeants politiques au niveau mondial. Nous ne ma\u00eetrisons [&hellip;]<\/p>\n","protected":false},"author":1787,"featured_media":0,"comment_status":"closed","ping_status":"closed","sticky":false,"template":"","format":"standard","meta":{"fifu_image_url":"","fifu_image_alt":"","footnotes":""},"categories":[78,54],"tags":[],"class_list":["post-114983","post","type-post","status-publish","format-standard","hentry","category-economie","category-maroc"],"_links":{"self":[{"href":"https:\/\/linitiative.ca\/International\/wp-json\/wp\/v2\/posts\/114983","targetHints":{"allow":["GET"]}}],"collection":[{"href":"https:\/\/linitiative.ca\/International\/wp-json\/wp\/v2\/posts"}],"about":[{"href":"https:\/\/linitiative.ca\/International\/wp-json\/wp\/v2\/types\/post"}],"author":[{"embeddable":true,"href":"https:\/\/linitiative.ca\/International\/wp-json\/wp\/v2\/users\/1787"}],"replies":[{"embeddable":true,"href":"https:\/\/linitiative.ca\/International\/wp-json\/wp\/v2\/comments?post=114983"}],"version-history":[{"count":0,"href":"https:\/\/linitiative.ca\/International\/wp-json\/wp\/v2\/posts\/114983\/revisions"}],"wp:attachment":[{"href":"https:\/\/linitiative.ca\/International\/wp-json\/wp\/v2\/media?parent=114983"}],"wp:term":[{"taxonomy":"category","embeddable":true,"href":"https:\/\/linitiative.ca\/International\/wp-json\/wp\/v2\/categories?post=114983"},{"taxonomy":"post_tag","embeddable":true,"href":"https:\/\/linitiative.ca\/International\/wp-json\/wp\/v2\/tags?post=114983"}],"curies":[{"name":"wp","href":"https:\/\/api.w.org\/{rel}","templated":true}]}}