{"id":114990,"date":"2021-04-15T15:20:54","date_gmt":"2021-04-15T19:20:54","guid":{"rendered":"https:\/\/linitiative.ca\/International\/proces-du-massacre-de-duekue-en-rci\/"},"modified":"2021-04-15T15:20:54","modified_gmt":"2021-04-15T19:20:54","slug":"proces-du-massacre-de-duekue-en-rci","status":"publish","type":"post","link":"https:\/\/linitiative.ca\/International\/proces-du-massacre-de-duekue-en-rci\/","title":{"rendered":"PROCES DU MASSACRE DE DUEKUE EN RCI"},"content":{"rendered":"<p class=\"c4\"><em>La prison \u00e0 perp\u00e9tuit\u00e9 ! Tel est le verdict prononc\u00e9 par la Justice ivoirienne contre le chef milicien, Amad\u00e9 Ou\u00e9r\u00e9mi, poursuivi pour une vingtaine de chefs d\u2019accusation dont ceux de\u00a0 crimes contre l\u2019humanit\u00e9, g\u00e9nocide, meurtres, et reconnu coupable d\u2019une douzaine d\u2019entre eux, notamment de crimes contre des populations, pillage, viol, s\u00e9questration et appartenance \u00e0 une bande arm\u00e9e, par le tribunal d\u2019Abidjan. C\u2019\u00e9tait \u00a0le 15 avril dernier.\u00a0\u00a0<\/em> <em>Le moins que l\u2019on puisse dire, c\u2019est qu\u2019il est heureux qu\u2019Amad\u00e9 Ou\u00e9r\u00e9mi puisse payer pour ses actes. Car, nul ne saurait se pr\u00e9valoir de ses propres turpitudes. Tout comme on ne saurait d\u00e9fendre un criminel. Cependant, on peut regretter qu\u2019il soit rest\u00e9 seul dans le box des accus\u00e9s jusqu\u2019au bout. Car, Amad\u00e9 Ou\u00e9r\u00e9mi a beau \u00eatre un Rambo, il est difficile de comprendre, pour le citoyen lambda, comment il aurait pu massacrer \u00e0 lui tout seul pr\u00e8s d\u2019un millier de personnes et s\u2019en sortir vivant. Si c\u2019est le sens de cette condamnation, on peut douter que toute la v\u00e9rit\u00e9 ait \u00e9t\u00e9 dite au cours de ce proc\u00e8s qui ne manque pas de \u00ab\u00a0zones d\u2019ombres\u00a0\u00bb, selon la d\u00e9fense. C\u2019est pourquoi, au-del\u00e0 de Amad\u00e9 Ou\u00e9r\u00e9mi, la Justice ivoirienne aurait davantage marqu\u00e9 les esprits si elle avait saisi l\u2019opportunit\u00e9 \u00a0de ce proc\u00e8s pour faire la preuve qu\u2019il n\u2019y a pas, en C\u00f4te d\u2019Ivoire,\u00a0 une justice des vainqueurs charg\u00e9e de mener des poursuites dans un seul camp.<\/em><\/p>\n<p class=\"c4\"><em>\u00a0<\/em><\/p>\n<p class=\"c4\"><em>\u00a0<\/em><\/p>\n<p class=\"c6\"><strong><em>De d\u00e9ni en d\u00e9ni, on se demande si le camp Ouattara est pr\u00eat \u00e0 assumer pleinement un jour sa part de responsabilit\u00e9s dans cette crise<\/em><\/strong><\/p>\n<p class=\"c4\"><em>\u00a0<\/em><\/p>\n<p class=\"c4\"><em>\u00a0<\/em><\/p>\n<p class=\"c4\"><em>En d\u2019autres termes, on s\u2019attendait aussi \u00e0 voir des t\u00eates et pas des moindres du camp Ouattara s\u2019expliquer enfin devant la Justice ivoirienne, ne serait-ce que pour clouer le bec aux d\u00e9tracteurs du chef de l\u2019Etat qui l\u2019accusent de continuer \u00e0 prot\u00e9ger ceux de son camp qui se sont aussi rendus coupables de graves exactions et de tueries lors des douloureux \u00e9v\u00e9nements de 2010-2011. C\u2019est pourquoi, en ne creusant pas au-del\u00e0 de la \u00a0personne du chef milicien qui, \u00a0soit dit en passant, n\u2019\u00e9tait pas non plus un enfant de ch\u0153ur, la Justice ivoirienne tend \u00e0 en faire une victime expiatoire aux yeux d\u2019une certaine opinion. Comme si le r\u00e9gime Ouattara se refusait \u00e0 faire le proc\u00e8s de ses propres partisans. Or, tant qu\u2019il en sera ainsi, \u00a0il sera difficile, pour le r\u00e9gime Ouattara,\u00a0 d\u2019estomper le sentiment du deux poids deux mesures dans le traitement du dossier de la crise post\u00e9lectorale. En effet,\u00a0\u00a0 hier, c\u2019\u00e9tait Laurent Gbagbo qui \u00e9tait poursuivi, devant la Cour p\u00e9nale internationale, pour crimes de guerre et crimes contre l\u2019humanit\u00e9 dans les violences post- \u00e9lectorale de 2010-2011. Et c\u2019est \u00e0 peine si l\u2019on ne voulait pas lui faire porter enti\u00e8rement le chapeau de ces violences qui ont fait 3000 morts sur les bords de la lagune Ebri\u00e9. En tout cas, jusqu\u2019\u00e0 son acquittement par la Justice internationale, dix ans apr\u00e8s les faits, pas un seul \u00e9l\u00e9ment du camp Ouattara n\u2019a \u00a0eu \u00e0 compara\u00eetre dans le cadre de cette guerre fratricide dont le peuple ivoirien porte encore les stigmates. Aujourd\u2019hui, c\u2019est Amad\u00e9 Ou\u00e9r\u00e9mi qui est seul \u00e0 porter le fardeau des massacres de Du\u00e9ku\u00e9 alors que l\u2019int\u00e9ress\u00e9 lui-m\u00eame n\u2019a eu de cesse de clamer \u00e0 la barre, qu\u2019il a agi en suppl\u00e9tif des forces rebelles pro-Ouattara de l\u2019\u00e9poque, dont il recevait ses ordres. De d\u00e9ni en d\u00e9ni, on se demande si le camp Ouattara est pr\u00eat \u00e0 assumer pleinement un jour sa part de responsabilit\u00e9s dans cette crise qui s\u2019est \u00e9crite en lettres de larmes et de sang, au pays de l\u2019ap\u00f4tre de la paix que se voulait Houphou\u00ebt Boigny.<\/em><\/p>\n<p class=\"c4\"><em>\u00a0<\/em><\/p>\n<p class=\"c4\"><em>\u00a0<\/em><\/p>\n<p class=\"c6\"><strong><em>Au del\u00e0 de la Justice, le besoin d\u2019une contrition sinc\u00e8re adoss\u00e9e \u00e0\u00a0 une profonde introspection se pose comme une imp\u00e9rieuse n\u00e9cessit\u00e9<\/em><\/strong><\/p>\n<p class=\"c4\"><em>\u00a0<\/em><\/p>\n<p class=\"c4\"><em>\u00a0<\/em><\/p>\n<p class=\"c4\"><em>Quoi qu\u2019il en soit, le verdict qui condamne Amad\u00e9 Ou\u00e9r\u00e9mi, en ce d\u00e9but de car\u00eame de ramadan, \u00e0 payer seul pour les 800 morts de cette boucherie humaine qui r\u00e9vulse la conscience humaine, laisse \u00a0penser qu\u2019il est purement et simplement le mouton de sacrifice destin\u00e9 \u00e0 payer pour les autres. Et cela n\u2019est bon ni pour la Justice ivoirienne ni pour le peuple ivoirien au moment o\u00f9 s\u2019amorce difficilement le processus de r\u00e9conciliation.\u00a0 Car, la question que l\u2019on peut se poser, est de savoir si la seule condamnation d\u2019Amad\u00e9 Ou\u00e9r\u00e9mi, suffira \u00e0 \u00e9tancher la soif de justice des parents des victimes de ces massacres, qui se comptent par centaines. On peut en douter. Or, tant que cette \u00e9tape ne sera pas franchie aussi bien dans les cas des massacres de Du\u00e9ku\u00e9 que des autres tueries de la crise post\u00e9lectorale, il sera difficile que la r\u00e9conciliation tant chant\u00e9e sur les bords de la lagune Ebri\u00e9, puisse produire les effets escompt\u00e9s. Car, au-del\u00e0 des acteurs de la crise dont certains sont encore au devant de la sc\u00e8ne, les Ivoiriens se connaissent entre eux et chacun sait qui a fait quoi, qui a jou\u00e9 quel r\u00f4le, dans quel but et \u00e0 quelles fins. C\u2019est dire si au-del\u00e0 de la justice, le besoin d\u2019une contrition sinc\u00e8re adoss\u00e9e \u00e0\u00a0 une profonde introspection pour situer courageusement les responsabilit\u00e9s, se pose aujourd\u2019hui en C\u00f4te d\u2019ivoire comme une imp\u00e9rieuse n\u00e9cessit\u00e9. Autrement, la r\u00e9conciliation restera pour longtemps encore, un mirage tant que les gens se contenteront de prononcer la \u00a0concorde nationale du bout des l\u00e8vres sans v\u00e9ritablement d\u00e9sarmer les c\u0153urs. C\u2019est le v\u00e9ritable d\u00e9fi qui m\u00e9rite, \u00e0 pr\u00e9sent, d\u2019\u00eatre relev\u00e9 par le pouvoir d\u2019Alassane Dramane Ouattara.<\/em><\/p>\n<p class=\"c4\"><em>\u00a0<\/em><\/p>\n<p class=\"c6\"><strong><em>\u00ab\u00a0Le Pays\u00a0\u00bb<\/em><\/strong><\/p>\n<p>Auteur: Editions LEPAYS<br \/>\n<a href=\"https:\/\/lepays.bf\/proces-du-massacre-de-duekue-en-rci\/\">Cliquez ici pour lire l&rsquo;article depuis sa source.<\/a><\/p>\n","protected":false},"excerpt":{"rendered":"<p>La prison \u00e0 perp\u00e9tuit\u00e9 ! Tel est le verdict prononc\u00e9 par la Justice ivoirienne contre le chef milicien, Amad\u00e9 Ou\u00e9r\u00e9mi, poursuivi pour une vingtaine de chefs d\u2019accusation dont ceux de\u00a0 crimes contre l\u2019humanit\u00e9, g\u00e9nocide, meurtres, et reconnu coupable d\u2019une douzaine d\u2019entre eux, notamment de crimes contre des populations, pillage, viol, s\u00e9questration et appartenance \u00e0 une [&hellip;]<\/p>\n","protected":false},"author":1813,"featured_media":0,"comment_status":"closed","ping_status":"closed","sticky":false,"template":"","format":"standard","meta":{"fifu_image_url":"","fifu_image_alt":"","footnotes":""},"categories":[73,81],"tags":[],"class_list":["post-114990","post","type-post","status-publish","format-standard","hentry","category-actualite","category-burkina-faso"],"_links":{"self":[{"href":"https:\/\/linitiative.ca\/International\/wp-json\/wp\/v2\/posts\/114990","targetHints":{"allow":["GET"]}}],"collection":[{"href":"https:\/\/linitiative.ca\/International\/wp-json\/wp\/v2\/posts"}],"about":[{"href":"https:\/\/linitiative.ca\/International\/wp-json\/wp\/v2\/types\/post"}],"author":[{"embeddable":true,"href":"https:\/\/linitiative.ca\/International\/wp-json\/wp\/v2\/users\/1813"}],"replies":[{"embeddable":true,"href":"https:\/\/linitiative.ca\/International\/wp-json\/wp\/v2\/comments?post=114990"}],"version-history":[{"count":0,"href":"https:\/\/linitiative.ca\/International\/wp-json\/wp\/v2\/posts\/114990\/revisions"}],"wp:attachment":[{"href":"https:\/\/linitiative.ca\/International\/wp-json\/wp\/v2\/media?parent=114990"}],"wp:term":[{"taxonomy":"category","embeddable":true,"href":"https:\/\/linitiative.ca\/International\/wp-json\/wp\/v2\/categories?post=114990"},{"taxonomy":"post_tag","embeddable":true,"href":"https:\/\/linitiative.ca\/International\/wp-json\/wp\/v2\/tags?post=114990"}],"curies":[{"name":"wp","href":"https:\/\/api.w.org\/{rel}","templated":true}]}}