{"id":114991,"date":"2021-04-15T15:24:10","date_gmt":"2021-04-15T19:24:10","guid":{"rendered":"https:\/\/linitiative.ca\/International\/proces-du-bombardement-du-camp-francais-de-bouake\/"},"modified":"2021-04-15T15:24:10","modified_gmt":"2021-04-15T19:24:10","slug":"proces-du-bombardement-du-camp-francais-de-bouake","status":"publish","type":"post","link":"https:\/\/linitiative.ca\/International\/proces-du-bombardement-du-camp-francais-de-bouake\/","title":{"rendered":"PROCES DU BOMBARDEMENT DU CAMP FRAN\u00c7AIS DE BOUAKE"},"content":{"rendered":"<p class=\"c4\"><em>Ouvert le 29 mars dernier \u00e0 Paris, le proc\u00e8s du bombardement d\u2019un camp militaire fran\u00e7ais \u00e0 Bouak\u00e9 en C\u00f4te d\u2019Ivoire, a connu son \u00e9pilogue et ce, apr\u00e8s pr\u00e8s de trois semaines d\u2019audiences publiques. En effet, statuant publiquement et contradictoirement mais aussi en box d\u2019accus\u00e9s vide, en l\u2019occurrence, la Cour a rendu son verdict, hier, 15 avril 2021. Elle a suivi\u00a0 le parquet g\u00e9n\u00e9ral dans ses r\u00e9quisitions, en condamnant par contumace, les trois accus\u00e9s \u00e0 la r\u00e9clusion criminelle \u00e0 vie. Il s\u2019agit du mercenaire bi\u00e9lorusse Yury Sushkin et deux officiers ivoiriens que sont Ange\u00a0 Gnanduillet et Patrice Ouei. Mais comme l\u2019a si bien reconnu l\u2019avocat g\u00e9n\u00e9ral lui-m\u00eame, la probabilit\u00e9 que les trois pr\u00e9venus qui viennent d\u2019\u00eatre condamn\u00e9s soient, un jour, arr\u00eat\u00e9s, est \u00ab\u00a0 faible\u00a0\u00bb pour ne pas dire tr\u00e8s faible. Car, faut-il le rappeler, les deux co-pilotes ivoiriens condamn\u00e9s par la Justice fran\u00e7aise, ont \u00e9t\u00e9 jug\u00e9s et amnisti\u00e9s dans leur pays. Or, il est un sacro-saint principe du droit qui veut qu\u2019un pr\u00e9venu ne soit pas jug\u00e9 deux fois pour les m\u00eames faits. Quant au pilote bi\u00e9lorusse, personne ne sait avec exactitude o\u00f9 il se cache. Conscient qu\u2019il peut, d\u2019un moment \u00e0 l\u2019autre, \u00eatre alpagu\u00e9, il\u00a0 ne prend pas de risques. Il choisit ses destinations pour ne pas dire qu\u2019il sait l\u00e0 o\u00f9 il met les pieds.<\/em><\/p>\n<p class=\"c4\"><em>\u00a0<\/em><\/p>\n<p class=\"c4\"><em>\u00a0<\/em><\/p>\n<p class=\"c6\"><strong><em>Force ne restera pas \u00e0\u00a0 la loi<\/em><\/strong><\/p>\n<p class=\"c4\"><em>\u00a0<\/em><\/p>\n<p class=\"c4\"><em>C\u2019est dire donc que ces condamnations ne constituent que de la poudre jet\u00e9e aux yeux des bless\u00e9s et des familles des victimes. Surtout que d\u00e9filant \u00e0 la barre en qualit\u00e9 de t\u00e9moins, des autorit\u00e9s politiques de l\u2019\u00e9poque telles que l\u2019ex-Premier ministre Jean-Pierre Raffarin\u00a0; l\u2019ex-ministre de l\u2019Int\u00e9rieur, Dominique de Villepin\u00a0; l\u2019ex-ministre de la\u00a0 D\u00e9fense, Michelle Aliott Marie et l\u2019ex-chef de la diplomatie fran\u00e7aise, Michel Barnier, ont bott\u00e9 en touche, rejetant parfois la responsabilit\u00e9 sur l\u2019Elys\u00e9e pour ne pas dire sur Jacques Chirac qui n\u2019est plus de ce monde. Tant et si bien que m\u00eame \u00e0 l\u2019issue du proc\u00e8s, l\u2019on continue de se poser des questions\u00a0: qui a donn\u00e9 l\u2019ordre de bombarder le camp fran\u00e7ais de Bouak\u00e9 et \u00e0 quelle fins\u00a0? Pourquoi la France n\u2019avait-elle pas proc\u00e9d\u00e9 \u00e0 l\u2019arrestation des pilotes bi\u00e9lorusses alors m\u00eame que ces derniers ont \u00e9t\u00e9 arr\u00eat\u00e9s par les autorit\u00e9s togolaises qui jurent, la main sur le c\u0153ur, d\u2019en avoir inform\u00e9 Paris\u00a0? En tout cas, pour s\u2019en laver les mains, le pr\u00e9sident de la Cour, \u00e0 l\u2019\u00e9nonc\u00e9 du verdict, a d\u00e9clar\u00e9 ceci, en rajoutant ainsi au d\u00e9sarroi des parents des victimes\u00a0: \u00ab\u00a0Il n\u2019appartient pas \u00e0 la Cour de discuter des raisons ayant conduit les autorit\u00e9s fran\u00e7aises \u00e0 d\u00e9cliner l\u2019offre du ministre de l\u2019Int\u00e9rieur du Togo\u00a0\u00bb. En clair, pour un proc\u00e8s atypique, c\u2019en est un\u00a0; tant le myst\u00e8re, au fil des audiences, n\u2019a fait que s\u2019\u00e9paissir davantage. Cela dit, si le r\u00f4le de la Justice fran\u00e7aise \u00e9tait d\u2019\u00e9vacuer \u00e0 tout prix le dossier du bombardement du camp de Bouak\u00e9, en 2004, on peut dire qu\u2019elle a atteint son but m\u00eame si, dans le cas d\u2019esp\u00e8ce, on sait que force ne restera pas \u00e0\u00a0 la loi.<\/em><\/p>\n<p class=\"c4\"><em>\u00a0<\/em><\/p>\n<p class=\"c6\"><strong><em>B.O<\/em><\/strong><\/p>\n<p>Auteur: Editions LEPAYS<br \/>\n<a href=\"https:\/\/lepays.bf\/proces-du-bombardement-du-camp-francais-de-bouake\/\">Cliquez ici pour lire l&rsquo;article depuis sa source.<\/a><\/p>\n","protected":false},"excerpt":{"rendered":"<p>Ouvert le 29 mars dernier \u00e0 Paris, le proc\u00e8s du bombardement d\u2019un camp militaire fran\u00e7ais \u00e0 Bouak\u00e9 en C\u00f4te d\u2019Ivoire, a connu son \u00e9pilogue et ce, apr\u00e8s pr\u00e8s de trois semaines d\u2019audiences publiques. En effet, statuant publiquement et contradictoirement mais aussi en box d\u2019accus\u00e9s vide, en l\u2019occurrence, la Cour a rendu son verdict, hier, 15 [&hellip;]<\/p>\n","protected":false},"author":1813,"featured_media":0,"comment_status":"closed","ping_status":"closed","sticky":false,"template":"","format":"standard","meta":{"fifu_image_url":"","fifu_image_alt":"","footnotes":""},"categories":[73,81],"tags":[],"class_list":["post-114991","post","type-post","status-publish","format-standard","hentry","category-actualite","category-burkina-faso"],"_links":{"self":[{"href":"https:\/\/linitiative.ca\/International\/wp-json\/wp\/v2\/posts\/114991","targetHints":{"allow":["GET"]}}],"collection":[{"href":"https:\/\/linitiative.ca\/International\/wp-json\/wp\/v2\/posts"}],"about":[{"href":"https:\/\/linitiative.ca\/International\/wp-json\/wp\/v2\/types\/post"}],"author":[{"embeddable":true,"href":"https:\/\/linitiative.ca\/International\/wp-json\/wp\/v2\/users\/1813"}],"replies":[{"embeddable":true,"href":"https:\/\/linitiative.ca\/International\/wp-json\/wp\/v2\/comments?post=114991"}],"version-history":[{"count":0,"href":"https:\/\/linitiative.ca\/International\/wp-json\/wp\/v2\/posts\/114991\/revisions"}],"wp:attachment":[{"href":"https:\/\/linitiative.ca\/International\/wp-json\/wp\/v2\/media?parent=114991"}],"wp:term":[{"taxonomy":"category","embeddable":true,"href":"https:\/\/linitiative.ca\/International\/wp-json\/wp\/v2\/categories?post=114991"},{"taxonomy":"post_tag","embeddable":true,"href":"https:\/\/linitiative.ca\/International\/wp-json\/wp\/v2\/tags?post=114991"}],"curies":[{"name":"wp","href":"https:\/\/api.w.org\/{rel}","templated":true}]}}