{"id":114993,"date":"2021-04-15T15:30:49","date_gmt":"2021-04-15T19:30:49","guid":{"rendered":"https:\/\/linitiative.ca\/International\/incendie-dune-ecole-primaire-a-niamey\/"},"modified":"2021-04-15T15:30:49","modified_gmt":"2021-04-15T19:30:49","slug":"incendie-dune-ecole-primaire-a-niamey","status":"publish","type":"post","link":"https:\/\/linitiative.ca\/International\/incendie-dune-ecole-primaire-a-niamey\/","title":{"rendered":"INCENDIE D\u2019UNE ECOLE PRIMAIRE A NIAMEY  \u00a0"},"content":{"rendered":"<p class=\"c4\"><em>Le spectacle de ces petits corps calcin\u00e9s au milieu des cendres de ce qui, jusque-l\u00e0, leur servait d\u2019\u00e9cole, \u00e9tait\u00a0 insupportable. Partis comme chaque matin pour pr\u00e9parer leur avenir, 20 enfants du quartier Pays-Bas de Niamey ne retrouveront plus leurs familles respectives. Ils ont p\u00e9ri dans un incendie qui a ravag\u00e9 l\u2019\u00e9cole qu\u2019ils fr\u00e9quentaient, le 13 avril dernier. Ce drame qui arrache la vie \u00e0 la fleur de l\u2019\u00e2ge \u00e0 ces gosses, au-del\u00e0 de la vive \u00e9motion et de la consternation qu\u2019il provoque, suscite de nombreuses interrogations : quelles sont les causes de cet incendie meurtrier ? Qui en est l\u2019auteur ? Comment les autorit\u00e9s \u00e9ducatives ont-elles pu laisser prosp\u00e9rer, dans les conditions de promiscuit\u00e9 et de pr\u00e9carit\u00e9 que l\u2019on d\u00e9crit, en violation de toutes les normes \u00e9ducatives et s\u00e9curitaires, \u00a0cette \u00e9cole qui accueillait plus de 2000 \u00e9l\u00e8ves ?<\/em> <em>En attendant que les enqu\u00eates apportent des r\u00e9ponses claires \u00e0 ces questions comme le r\u00e9clament des organisations d\u2019\u00e9l\u00e8ves et d\u2019enseignants et sans nul doute aussi les familles \u00e9plor\u00e9es, \u00a0l\u2019on peut, d\u00e9j\u00e0, pointer du doigt la responsabilit\u00e9 de l\u2019Etat qui a ferm\u00e9 les yeux sur les conditions d\u2019existence de ce complexe scolaire situ\u00e9 au beau milieu d\u2019une ruelle commer\u00e7ante o\u00f9 circulent de nombreux poids-lourds et tenant \u00e0 peine sur un espace exigu de 750 m<sup>2<\/sup><sub>,<\/sub> avec 3 \u00e9coles primaires et un jardin d\u2019enfants dont 19 classes sous paillotes. L\u2019Etat est d\u2019autant plus coupable que le d\u00e9veloppement du ph\u00e9nom\u00e8ne des \u00e9coles sous paillotes qui a pignon sur rue, se fait avec sa bienveillante complicit\u00e9, n\u2019ayant pas toujours les moyens de r\u00e9pondre aux besoins \u00e9ducatifs des populations. Pire, l\u2019Etat a souvent ferm\u00e9 les yeux sur l\u2019ind\u00e9licatesse de certains responsables \u00e9ducatifs qui, par cupidit\u00e9, prennent des libert\u00e9s avec les normes \u00e9dict\u00e9es par l\u2019Etat ou dans les cahiers des charges quand il s\u2019agit de promoteurs priv\u00e9s.<\/em><\/p>\n<p class=\"c4\"><em>\u00a0<\/em><\/p>\n<p class=\"c6\"><strong><em>Ce n\u2019est manifestement pas la premi\u00e8re fois que des incendies d\u2019\u00e9coles ont lieu dans le pays<\/em><\/strong><\/p>\n<p class=\"c4\"><em>\u00a0<\/em><\/p>\n<p class=\"c4\"><em>Il est manifeste, au regard du nombre des enfants qui fr\u00e9quentaient cette \u00e9cole ravag\u00e9e par les flammes, qu\u2019il y avait une pl\u00e9thore d\u2019effectifs qui, non seulement nuisait \u00e0 la qualit\u00e9 des enseignements, mais aussi a accru les risques quant \u00e0 la s\u00e9curit\u00e9 des enfants et compliqu\u00e9 les actions de sauvetage des soldats du feu et des bonnes volont\u00e9s accourues quand le drame s\u2019est d\u00e9clench\u00e9 . C\u2019est pour toutes ces raisons qui incriminent l\u2019Etat, que l\u2019on peut douter de cette rengaine des autorit\u00e9s nig\u00e9riennes que l\u2019on a toujours servie en de pareilles circonstances\u00a0: \u00ab\u00a0Toutes les responsabilit\u00e9s seront situ\u00e9es et les coupables punis \u00e0 la hauteur de leur forfait\u00a0\u00bb. Il faut tout simplement craindre que cette formule ne vise qu\u2019\u00e0 mettre un simple s\u00e9datif sur les meurtrissures des c\u0153urs des parents d\u2019\u00e9l\u00e8ves.\u00a0<\/em> <em>En tout \u00e9tat de cause, face \u00e0 cette n\u00e9gligence manifeste, les parents d\u2019\u00e9l\u00e8ves devraient faire preuve de plus de responsabilit\u00e9s et de discernement dans les choix qu\u2019ils op\u00e8rent pour garantir la s\u00e9curit\u00e9 et l\u2019avenir de leurs enfants. Car, ce n\u2019est manifestement pas la premi\u00e8re fois que des incendies d\u2019\u00e9coles ont lieu dans le pays, donnant ainsi aux \u00e9coles, ces sinistres images de fours cr\u00e9matoires.<\/em> <em>Au-del\u00e0 du Niger, ce drame devrait alerter des pays voisins comme le Burkina Faso o\u00f9 l\u2019on d\u00e9nombre aussi de nombreuses \u00e9coles sous paillotes. \u00ab\u00a0Quand la barbe du voisin br\u00fble, il faut se d\u00e9p\u00eacher de mouiller la sienne\u00a0\u00bb, dit un proverbe bien connu de chez vous. M\u00eame s\u2019il est difficile de r\u00e9sorber, par un coup de baguette magique, toutes les classes sous paillotes, l\u2019on peut prendre des mesures s\u00e9curitaires et former les enfants qui les fr\u00e9quentent \u00e0 adopter des gestes et comportements qui sauvent, comme on le voit dans les pays o\u00f9 les catastrophes naturelles sont fr\u00e9quentes.<\/em><\/p>\n<p class=\"c4\"><em>\u00a0<\/em><\/p>\n<p class=\"c6\"><em><strong>SAHO<\/strong><\/em><\/p>\n<p class=\"c4\"><em>\u00a0<\/em><\/p>\n<p class=\"c4\"><em>\u00a0<\/em><\/p>\n<p class=\"c4\"><em>\u00a0<\/em><\/p>\n<p>Auteur: Editions LEPAYS<br \/>\n<a href=\"https:\/\/lepays.bf\/incendie-dune-ecole-primaire-a-niamey\/\">Cliquez ici pour lire l&rsquo;article depuis sa source.<\/a><\/p>\n","protected":false},"excerpt":{"rendered":"<p>Le spectacle de ces petits corps calcin\u00e9s au milieu des cendres de ce qui, jusque-l\u00e0, leur servait d\u2019\u00e9cole, \u00e9tait\u00a0 insupportable. Partis comme chaque matin pour pr\u00e9parer leur avenir, 20 enfants du quartier Pays-Bas de Niamey ne retrouveront plus leurs familles respectives. Ils ont p\u00e9ri dans un incendie qui a ravag\u00e9 l\u2019\u00e9cole qu\u2019ils fr\u00e9quentaient, le 13 [&hellip;]<\/p>\n","protected":false},"author":1813,"featured_media":0,"comment_status":"closed","ping_status":"closed","sticky":false,"template":"","format":"standard","meta":{"fifu_image_url":"","fifu_image_alt":"","footnotes":""},"categories":[73,81],"tags":[],"class_list":["post-114993","post","type-post","status-publish","format-standard","hentry","category-actualite","category-burkina-faso"],"_links":{"self":[{"href":"https:\/\/linitiative.ca\/International\/wp-json\/wp\/v2\/posts\/114993","targetHints":{"allow":["GET"]}}],"collection":[{"href":"https:\/\/linitiative.ca\/International\/wp-json\/wp\/v2\/posts"}],"about":[{"href":"https:\/\/linitiative.ca\/International\/wp-json\/wp\/v2\/types\/post"}],"author":[{"embeddable":true,"href":"https:\/\/linitiative.ca\/International\/wp-json\/wp\/v2\/users\/1813"}],"replies":[{"embeddable":true,"href":"https:\/\/linitiative.ca\/International\/wp-json\/wp\/v2\/comments?post=114993"}],"version-history":[{"count":0,"href":"https:\/\/linitiative.ca\/International\/wp-json\/wp\/v2\/posts\/114993\/revisions"}],"wp:attachment":[{"href":"https:\/\/linitiative.ca\/International\/wp-json\/wp\/v2\/media?parent=114993"}],"wp:term":[{"taxonomy":"category","embeddable":true,"href":"https:\/\/linitiative.ca\/International\/wp-json\/wp\/v2\/categories?post=114993"},{"taxonomy":"post_tag","embeddable":true,"href":"https:\/\/linitiative.ca\/International\/wp-json\/wp\/v2\/tags?post=114993"}],"curies":[{"name":"wp","href":"https:\/\/api.w.org\/{rel}","templated":true}]}}