{"id":114994,"date":"2021-04-15T15:34:22","date_gmt":"2021-04-15T19:34:22","guid":{"rendered":"https:\/\/linitiative.ca\/International\/sortie-de-lex-premier-ministre-francais-sur-le-genocide-rwandais\/"},"modified":"2021-04-15T15:34:22","modified_gmt":"2021-04-15T19:34:22","slug":"sortie-de-lex-premier-ministre-francais-sur-le-genocide-rwandais","status":"publish","type":"post","link":"https:\/\/linitiative.ca\/International\/sortie-de-lex-premier-ministre-francais-sur-le-genocide-rwandais\/","title":{"rendered":"SORTIE DE L\u2019EX-PREMIER MINISTRE FRAN\u00c7AIS SUR LE GENOCIDE RWANDAIS  \u00a0"},"content":{"rendered":"<p class=\"c4\"><em>Alors que le rapport Duclert souligne de \u00ab\u00a0lourdes et accablantes responsabilit\u00e9s\u00a0\u00bb de la France dans le g\u00e9nocide rwandais, l\u2019ex-Premier ministre fran\u00e7ais, Edouard Balladur, aux affaires lors du d\u00e9clanchement du drame, tente de ramer \u00e0 contre-courant. Il prend m\u00eame le contre-pied de son ministre des Affaires \u00e9trang\u00e8res de l\u2019\u00e9poque, Alain Jupp\u00e9, qui a exprim\u00e9 des regrets et \u00e9voqu\u00e9 des blessures dans les colonnes du journal Le Monde. \u00a0Comme si cela ne suffisait pas, Balladur enfonce le clou en d\u00e9clarant ceci\u00a0: \u00ab\u00a0N\u2019attendez pas de moi la moindre repentance\u00a0!\u00a0\u00bb. L\u2019on se demande si l\u2019ex-Premier ministre fran\u00e7ais a vraiment remu\u00e9 sept fois la langue avant de prononcer de tels propos. On le sait, le g\u00e9nocide rwandais qui a fait 800 mille morts, est un sujet hautement sensible et Balladur ne l\u2019ignore pas. Le moins que l\u2019on puisse dire, c\u2019est que c\u2019est une sortie malheureuse et opportune. Cela est d\u2019autant plus vrai qu\u2019elle intervient dans un contexte o\u00f9 la France s\u2019emploie \u00e0 r\u00e9chauffer ses relations qui sont rest\u00e9es pendant longtemps glaciales avec le Rwanda. \u00a0Fort heureusement que ce qui est sorti de la bouche de Balladur, n\u2019est pas la position de la France officielle. Reste que cette sortie risque de provoquer l\u2019ire de l\u2019homme mince de Kigali. Et Dieu seul sait les cons\u00e9quences qui pourraient en d\u00e9couler. En tant qu\u2019ancien dignitaire du r\u00e9gime de Fran\u00e7ois Mitterrand, Balladur devait mesurer ses propos dans la mesure o\u00f9 ils pourraient avoir des effets d\u00e9vastateurs. Balladur a-t-il manqu\u00e9 de d\u00e9cence\u00a0? Une chose est s\u00fbre\u00a0: l\u2019ex-dignitaire du r\u00e9gime Mitterrand a manqu\u00e9 l\u2019occasion de se taire. Car, jouer \u00e0 l\u2019avocat du diable dans une affaire aussi explosive que le g\u00e9nocide rwandais, c\u2019est s\u2019attirer les foudres de tout un peuple meurtri. Balladur voudrait remuer le couteau dans la plaie qu\u2019il ne s\u2019y prendrait pas autrement.<\/em><\/p>\n<p class=\"c4\"><em>\u00a0<\/em><\/p>\n<p class=\"c6\"><strong><em>Le r\u00f4le trouble jou\u00e9 par l\u2019Hexagone restera \u00e0 jamais grav\u00e9 dans la m\u00e9moire des Rwandais<\/em><\/strong><\/p>\n<p class=\"c4\"><em>\u00a0<\/em><\/p>\n<p class=\"c4\"><em>Afficher une position aussi dure face \u00e0 un drame qui a \u00e9mu le monde entier, est hautement maladroit. Balladur, et c\u2019est peu de le dire, n\u2019a rendu service, ni \u00e0 la France ni \u00e0 lui-m\u00eame. Son attitude laisse croire qu\u2019il n\u2019a pas \u00e9t\u00e9 \u00e9mu outre mesure, par le g\u00e9nocide rwandais. La Droite fran\u00e7aise se doit de le recadrer car, au-del\u00e0 de sa propre personne, c\u2019est l\u2019image de toute la classe politique fran\u00e7aise qui prend ainsi un coup. En s\u2019opposant publiquement \u00e0 toute pr\u00e9sentation d\u2019excuses par son pays, au peuple rwandais et en demandant plut\u00f4t d\u2019en exiger \u00e0 d\u2019autres pays comme les USA et la Belgique, Balladur fait preuve d\u2019indiff\u00e9rence face \u00e0 un drame qui a marqu\u00e9 \u00e0 vie les Tutsis. S\u2019il est vrai que ni l\u2019ONU, ni les Etats-Unis encore moins la Belgique ne sont intervenus pour emp\u00eacher le massacre, la France n\u2019a pas non plus emp\u00each\u00e9 la descente aux enfers des Tutsis. Bien au contraire, le r\u00f4le trouble jou\u00e9 par l\u2019Hexagone restera \u00e0 jamais grav\u00e9 dans la m\u00e9moire des Rwandais. Balladur a-t-il oubli\u00e9 que la patrie des droits de l\u2019Homme a offert g\u00eete et couvert aux plus grands g\u00e9nocidaires rwandais avant de les livrer plus tard \u00e0 la Justice sous la pression du Rwanda et des Organisations de d\u00e9fense des droits humains\u00a0? En tout cas, en attendant que les USA et la Belgique soient mis sur le banc des accus\u00e9s, la France doit assumer. \u00a0Plut\u00f4t que d\u2019adopter une posture de d\u00e9ni, Balladur devrait avoir l\u2019humilit\u00e9 et la d\u00e9cence de reconna\u00eetre un \u00e9chec, ne serait-ce que par respect pour la m\u00e9moire des 800 mille morts. \u00a0Dur, dur, ce Balladur\u00a0!<\/em><\/p>\n<p class=\"c4\"><em>\u00a0<\/em><\/p>\n<p class=\"c6\"><strong><em>Dabadi ZOUMBARA<\/em><\/strong><\/p>\n<p>Auteur: Editions LEPAYS<br \/>\n<a href=\"https:\/\/lepays.bf\/sortie-de-lex-premier-ministre-francais-sur-le-genocide-rwandais\/\">Cliquez ici pour lire l&rsquo;article depuis sa source.<\/a><\/p>\n","protected":false},"excerpt":{"rendered":"<p>Alors que le rapport Duclert souligne de \u00ab\u00a0lourdes et accablantes responsabilit\u00e9s\u00a0\u00bb de la France dans le g\u00e9nocide rwandais, l\u2019ex-Premier ministre fran\u00e7ais, Edouard Balladur, aux affaires lors du d\u00e9clanchement du drame, tente de ramer \u00e0 contre-courant. Il prend m\u00eame le contre-pied de son ministre des Affaires \u00e9trang\u00e8res de l\u2019\u00e9poque, Alain Jupp\u00e9, qui a exprim\u00e9 des regrets [&hellip;]<\/p>\n","protected":false},"author":1813,"featured_media":0,"comment_status":"closed","ping_status":"closed","sticky":false,"template":"","format":"standard","meta":{"fifu_image_url":"","fifu_image_alt":"","footnotes":""},"categories":[73,81],"tags":[],"class_list":["post-114994","post","type-post","status-publish","format-standard","hentry","category-actualite","category-burkina-faso"],"_links":{"self":[{"href":"https:\/\/linitiative.ca\/International\/wp-json\/wp\/v2\/posts\/114994","targetHints":{"allow":["GET"]}}],"collection":[{"href":"https:\/\/linitiative.ca\/International\/wp-json\/wp\/v2\/posts"}],"about":[{"href":"https:\/\/linitiative.ca\/International\/wp-json\/wp\/v2\/types\/post"}],"author":[{"embeddable":true,"href":"https:\/\/linitiative.ca\/International\/wp-json\/wp\/v2\/users\/1813"}],"replies":[{"embeddable":true,"href":"https:\/\/linitiative.ca\/International\/wp-json\/wp\/v2\/comments?post=114994"}],"version-history":[{"count":0,"href":"https:\/\/linitiative.ca\/International\/wp-json\/wp\/v2\/posts\/114994\/revisions"}],"wp:attachment":[{"href":"https:\/\/linitiative.ca\/International\/wp-json\/wp\/v2\/media?parent=114994"}],"wp:term":[{"taxonomy":"category","embeddable":true,"href":"https:\/\/linitiative.ca\/International\/wp-json\/wp\/v2\/categories?post=114994"},{"taxonomy":"post_tag","embeddable":true,"href":"https:\/\/linitiative.ca\/International\/wp-json\/wp\/v2\/tags?post=114994"}],"curies":[{"name":"wp","href":"https:\/\/api.w.org\/{rel}","templated":true}]}}