{"id":114998,"date":"2021-04-15T17:23:13","date_gmt":"2021-04-15T21:23:13","guid":{"rendered":"https:\/\/linitiative.ca\/International\/second-compact-le-comite-dorientation-et-de-suivi-installe\/"},"modified":"2021-04-15T17:23:13","modified_gmt":"2021-04-15T21:23:13","slug":"second-compact-le-comite-dorientation-et-de-suivi-installe","status":"publish","type":"post","link":"https:\/\/linitiative.ca\/International\/second-compact-le-comite-dorientation-et-de-suivi-installe\/","title":{"rendered":"Second Compact : le Comit\u00e9 d\u2019orientation et de suivi install\u00e9"},"content":{"rendered":"<div class=\"td-post-featured-image\"><a href=\"https:\/\/www.sidwaya.info\/wp-content\/uploads\/2021\/04\/1-47.jpg\" data-caption=\"\"><img loading=\"lazy\" decoding=\"async\" width=\"595\" height=\"397\" class=\"entry-thumb td-modal-image\" src=\"https:\/\/www.sidwaya.info\/wp-content\/uploads\/2021\/04\/1-47.jpg\" srcset=\"https:\/\/www.sidwaya.info\/wp-content\/uploads\/2021\/04\/1-47.jpg 595w, https:\/\/www.sidwaya.info\/wp-content\/uploads\/2021\/04\/1-47-300x200.jpg 300w, https:\/\/www.sidwaya.info\/wp-content\/uploads\/2021\/04\/1-47-150x100.jpg 150w\" sizes=\"auto, (max-width: 595px) 100vw, 595px\" alt=\"\" title=\"1\"\/><\/a><\/div>\n<p><strong>Les 11 membres titulaires du Comit\u00e9 d\u2019orientation et de suivi (COS) du second Compact du Mill\u00e9nium Challenge Account au Burkina Faso et leurs suppl\u00e9ants ont \u00e9t\u00e9 install\u00e9s par le Premier ministre, Christophe Joseph Marie Dabir\u00e9, le jeudi 15 avril 2021 \u00e0 Ouagadougou.<\/strong><\/p>\n<p>Une nouvelle \u00e9tape dans la mise en \u0153uvre du Compact du Mill\u00e9nium Chalenge Account\u2013Burkina Faso II (MCA-BF II) a \u00e9t\u00e9 franchie, le jeudi 15 avril 2021, \u00e0 Ouagadougou. Le Premier ministre, Christophe Joseph Marie Dabir\u00e9, a install\u00e9 solennellement, les 11 membres titulaires, les suppl\u00e9ants et les 2 observateurs du comit\u00e9 de suivi et d\u2019orientation du Compact. Ce comit\u00e9 est compos\u00e9 de 6 repr\u00e9sentants des pouvoirs publics, 2 du secteur priv\u00e9, 3 membres de la soci\u00e9t\u00e9 civile et 2 observateurs. Il constitue en fait le conseil d\u2019administration du second Compact au Burkina Faso. A ce titre, le comit\u00e9 d\u2019orientation et de suivi est charg\u00e9 de d\u00e9finir les orientations strat\u00e9giques du second Compact, de recruter le directeur g\u00e9n\u00e9ral du MCA, d\u2019assurer la transparence dans l\u2019ex\u00e9cution du MCA-Burkina Faso II, d\u2019approuver les plans de passation des march\u00e9s, entre autres.<\/p>\n<p>A l\u2019issue de l\u2019installation, le Premier ministre s\u2019est r\u00e9joui. \u00abC\u2019est une \u00e9tape de plus dans la mise en \u0153uvre de ce programme extr\u00eamement important de notre politique \u00e9nerg\u00e9tique au niveau national. Je voudrais donc remercier les Etats-Unis d\u2019Am\u00e9rique pour avoir accept\u00e9 d\u2019admettre le Burkina Faso dans le processus du Mill\u00e9nium \u00bb, -a-t-il d\u00e9clar\u00e9. Le chef du gouvernement a exhort\u00e9 les membres du COS au respect de l\u2019\u00e9thique, la bonne gouvernance, la lutte contre la corruption dans toutes les d\u00e9cisions dans le cadre de la mise en \u0153uvre du MCA-Burkina Faso II. \u00ab Ils doivent aussi faire en sorte que tous les projets qui vont \u00eatre initi\u00e9s et les march\u00e9s pass\u00e9s r\u00e9pondent \u00e0 l\u2019\u00e9thique et \u00e0 la morale d\u00e9finies par le gouvernement burkinab\u00e8 et les Etats-Unis d\u2019Am\u00e9rique. Nous devons avancer dans la transparence dans la mise en \u0153uvre de ce programme important pour le d\u00e9veloppement \u00e9conomique et social du Burkina \u00bb, a-t-il insist\u00e9.<\/p>\n<p>L\u2019ambassadeur des Etats-Unis d\u2019Am\u00e9rique au Burkina, Sandra E. Clark, s\u2019est, elle aussi, r\u00e9jouie de l\u2019installation du comit\u00e9 d\u2019orientation et de suivi. \u00ab Nous sommes tr\u00e8s heureux \u00e9galement parce que le Compact est un t\u00e9moignage de la valeur que les Etats-Unis attachent \u00e0 leurs relation avec le Burkina Faso. Il est aussi la consid\u00e9ration de notre engagement dans un v\u00e9ritable partenariat pour arriver \u00e0 un but commun \u00bb, a-t-elle ajout\u00e9.<br \/>Le ministre de l\u2019Energie, des Carri\u00e8res et des Mines, Bachir Isma\u00ebl Ou\u00e9draogo, a rappel\u00e9, que le MCA-Burkina Faso II est ax\u00e9 principalement sur le secteur de l\u2019\u00e9nergie et s\u2019articule autour de trois projets. Il s\u2019agit du Projet de renforcement de l\u2019efficacit\u00e9 du domaine de l\u2019\u00e9nergie (PREDEL), du Projet d\u2019accroissement de l\u2019offre d\u2019\u00e9lectricit\u00e9 moins co\u00fbteuse (PADOEL) et du Projet r\u00e9seaux et acc\u00e8s \u00e0 l\u2019\u00e9lectricit\u00e9 (PRAEL).d\u2019un montant de 273 milliards dont un investissement de 246 milliards du gouvernement am\u00e9ricain, le second Compact vise \u00e0 r\u00e9duire la pauvret\u00e9 \u00e0 travers la croissance \u00e9conomique sur cinq ans. Selon lui, la mise en \u0153uvre du MCA-BFII va permettre d\u2019am\u00e9liorer le taux d\u2019acc\u00e8s \u00e0 l\u2019\u00e9lectricit\u00e9 au Burkina Faso et cr\u00e9er de nouvelles opportunit\u00e9s pour les entreprises et les m\u00e9nages. Pour cela, les investissements porteront sur l\u2019augmentation de l\u2019offre d\u2019\u00e9lectricit\u00e9, l\u2019extension du r\u00e9seau de transport et la modernisation du r\u00e9seau de distribution, la mise en place d\u2019un fonds de connexion au profit des groupes sociaux les plus vuln\u00e9rables. Ils vont aussi prendre en compte des r\u00e9formes du secteur de l\u2019\u00e9nergie et le renforcement des capacit\u00e9s des acteurs.<\/p>\n<p>Le coordonnateur national de l\u2019UCF-Burkina, Samuel Tambi Kabor\u00e9 a affirm\u00e9 la disponibilit\u00e9 de l\u2019Unit\u00e9 de coordination et de formulation \u00e0 jouer sa partition aux c\u00f4t\u00e9s du COS, en attendant la mise en place de la direction g\u00e9n\u00e9rale et du comit\u00e9 national des parties prenantes. Dans la m\u00eame journ\u00e9e, le vice-pr\u00e9sident de la Chambre de Commerce et d\u2019Industrie du Burkina Faso (CCCI-BF), Mamady Sanoh, a \u00e9t\u00e9 \u00e9lu pr\u00e9sident du COS du second Compact. \u00ab C\u2019est un grand honneur. Je remercie le Pr\u00e9sident du Faso, le Premier ministre et la partie am\u00e9ricaine pour la confiance \u00bb, a-t-il confi\u00e9.<\/p>\n<p class=\"c1\"><strong>Nad\u00e8ge YE<\/strong><\/p>\n<div class=\"td-a-rec td-a-rec-id-content_bottom tdi_33_afa td_block_template_1\">\n<p><img loading=\"lazy\" decoding=\"async\" class=\"aligncenter size-full wp-image-27454\" src=\"https:\/\/www.sidwaya.info\/wp-content\/uploads\/2020\/10\/PUB-Bandeau-paiement-mobile-siteweb.jpg\" alt=\"\" width=\"728\" height=\"90\"\/><\/div>\n<p>Auteur: BM. Sidwaya<br \/>\n<a href=\"https:\/\/www.sidwaya.info\/blog\/2021\/04\/15\/second-compact-le-comite-dorientation-et-de-suivi-installe\/\">Cliquez ici pour lire l&rsquo;article depuis sa source.<\/a><\/p>\n","protected":false},"excerpt":{"rendered":"<p>Les 11 membres titulaires du Comit\u00e9 d\u2019orientation et de suivi (COS) du second Compact du Mill\u00e9nium Challenge Account au Burkina Faso et leurs suppl\u00e9ants ont \u00e9t\u00e9 install\u00e9s par le Premier ministre, Christophe Joseph Marie Dabir\u00e9, le jeudi 15 avril 2021 \u00e0 Ouagadougou. Une nouvelle \u00e9tape dans la mise en \u0153uvre du Compact du Mill\u00e9nium Chalenge [&hellip;]<\/p>\n","protected":false},"author":1816,"featured_media":0,"comment_status":"closed","ping_status":"closed","sticky":false,"template":"","format":"standard","meta":{"fifu_image_url":"https:\/\/www.sidwaya.info\/wp-content\/uploads\/2021\/04\/1-47.jpg","fifu_image_alt":"Second Compact : le Comit\u00e9 d\u2019orientation et de suivi install\u00e9","footnotes":""},"categories":[73,81],"tags":[],"class_list":["post-114998","post","type-post","status-publish","format-standard","hentry","category-actualite","category-burkina-faso"],"_links":{"self":[{"href":"https:\/\/linitiative.ca\/International\/wp-json\/wp\/v2\/posts\/114998","targetHints":{"allow":["GET"]}}],"collection":[{"href":"https:\/\/linitiative.ca\/International\/wp-json\/wp\/v2\/posts"}],"about":[{"href":"https:\/\/linitiative.ca\/International\/wp-json\/wp\/v2\/types\/post"}],"author":[{"embeddable":true,"href":"https:\/\/linitiative.ca\/International\/wp-json\/wp\/v2\/users\/1816"}],"replies":[{"embeddable":true,"href":"https:\/\/linitiative.ca\/International\/wp-json\/wp\/v2\/comments?post=114998"}],"version-history":[{"count":0,"href":"https:\/\/linitiative.ca\/International\/wp-json\/wp\/v2\/posts\/114998\/revisions"}],"wp:attachment":[{"href":"https:\/\/linitiative.ca\/International\/wp-json\/wp\/v2\/media?parent=114998"}],"wp:term":[{"taxonomy":"category","embeddable":true,"href":"https:\/\/linitiative.ca\/International\/wp-json\/wp\/v2\/categories?post=114998"},{"taxonomy":"post_tag","embeddable":true,"href":"https:\/\/linitiative.ca\/International\/wp-json\/wp\/v2\/tags?post=114998"}],"curies":[{"name":"wp","href":"https:\/\/api.w.org\/{rel}","templated":true}]}}