{"id":115000,"date":"2021-04-15T13:18:01","date_gmt":"2021-04-15T17:18:01","guid":{"rendered":"https:\/\/linitiative.ca\/International\/tanzanie-premier-remaniement-ministere-sous-lere-samia\/"},"modified":"2021-04-15T13:18:01","modified_gmt":"2021-04-15T17:18:01","slug":"tanzanie-premier-remaniement-ministere-sous-lere-samia","status":"publish","type":"post","link":"https:\/\/linitiative.ca\/International\/tanzanie-premier-remaniement-ministere-sous-lere-samia\/","title":{"rendered":"Tanzanie : premier remaniement minist\u00e8re sous l\u2019\u00e8re Samia"},"content":{"rendered":"<div readability=\"32\">\n<p>Publi\u00e9 le 15.04.2021 \u00e0 18h18 par APA News<\/p>\n<\/div>\n<div readability=\"60\">\n<p>La nouvelle pr\u00e9sidente de la Tanzanie, Samia Suluhu Hassan, a annonc\u00e9 la nomination de nouveaux ministres des Finances et des Affaires \u00e9trang\u00e8res.La d\u00e9cision est intervenue dans le cadre du premier remaniement minist\u00e9riel depuis sa prise de fonction le 19 mars dernier.<\/p>\n<p>Annon\u00e7ant les d\u00e9tails du remaniement effectu\u00e9 peu apr\u00e8s la prestation de serment du vice-pr\u00e9sident Philip Mpango au Palais de la Nation \u00e0 Chamwino dans la capitale Dodoma, Mme Hassan a nomm\u00e9 Mwigulu Nchemba comme ministre des Finances et de la Planification en remplacement de Mpango.<\/p>\n<p>Avant cette nouvelle nomination, M. Nchemba \u00e9tait le ministre des Affaires constitutionnelles et juridiques.<\/p>\n<p>La pr\u00e9sidente a \u00e9galement nomm\u00e9 Liberata Mulamula au poste de ministre des Affaires \u00e9trang\u00e8res et de la Coop\u00e9ration est-africaine.<\/p>\n<p>Mme Mulamula, une diplomate chevronn\u00e9e, remplace ainsi Palamagamba Kabudi qui devient le nouveau ministre des Affaires constitutionnelles et juridiques.<\/p>\n<p>Philip Mpango est nomm\u00e9 vice-pr\u00e9sident par la pr\u00e9sidente Hassan mardi dernier avant que le parlement ne l\u2019approuve.<\/p>\n<p>\u00a0La pr\u00e9sidente Hassan a nomm\u00e9 Mpango au poste de vice-pr\u00e9sident pour occuper le poste devenu vacant apr\u00e8s sa prestation de serment en tant que pr\u00e9sidente suite au d\u00e9c\u00e8s le 17 mars de l\u2019ex-pr\u00e9sident John Magufuli.<\/p>\n<\/div>\n<p>Auteur: APA News<br \/>\n<a href=\"https:\/\/www.journalducameroun.com\/tanzanie-premier-remaniement-ministere-sous-lere-samia\/\">Cliquez ici pour lire l&rsquo;article depuis sa source.<\/a><\/p>\n","protected":false},"excerpt":{"rendered":"<p>Publi\u00e9 le 15.04.2021 \u00e0 18h18 par APA News La nouvelle pr\u00e9sidente de la Tanzanie, Samia Suluhu Hassan, a annonc\u00e9 la nomination de nouveaux ministres des Finances et des Affaires \u00e9trang\u00e8res.La d\u00e9cision est intervenue dans le cadre du premier remaniement minist\u00e9riel depuis sa prise de fonction le 19 mars dernier. Annon\u00e7ant les d\u00e9tails du remaniement effectu\u00e9 [&hellip;]<\/p>\n","protected":false},"author":1965,"featured_media":0,"comment_status":"closed","ping_status":"closed","sticky":false,"template":"","format":"standard","meta":{"fifu_image_url":"","fifu_image_alt":"","footnotes":""},"categories":[73,82],"tags":[],"class_list":["post-115000","post","type-post","status-publish","format-standard","hentry","category-actualite","category-cameroun"],"_links":{"self":[{"href":"https:\/\/linitiative.ca\/International\/wp-json\/wp\/v2\/posts\/115000","targetHints":{"allow":["GET"]}}],"collection":[{"href":"https:\/\/linitiative.ca\/International\/wp-json\/wp\/v2\/posts"}],"about":[{"href":"https:\/\/linitiative.ca\/International\/wp-json\/wp\/v2\/types\/post"}],"author":[{"embeddable":true,"href":"https:\/\/linitiative.ca\/International\/wp-json\/wp\/v2\/users\/1965"}],"replies":[{"embeddable":true,"href":"https:\/\/linitiative.ca\/International\/wp-json\/wp\/v2\/comments?post=115000"}],"version-history":[{"count":0,"href":"https:\/\/linitiative.ca\/International\/wp-json\/wp\/v2\/posts\/115000\/revisions"}],"wp:attachment":[{"href":"https:\/\/linitiative.ca\/International\/wp-json\/wp\/v2\/media?parent=115000"}],"wp:term":[{"taxonomy":"category","embeddable":true,"href":"https:\/\/linitiative.ca\/International\/wp-json\/wp\/v2\/categories?post=115000"},{"taxonomy":"post_tag","embeddable":true,"href":"https:\/\/linitiative.ca\/International\/wp-json\/wp\/v2\/tags?post=115000"}],"curies":[{"name":"wp","href":"https:\/\/api.w.org\/{rel}","templated":true}]}}