{"id":115001,"date":"2021-04-15T13:18:01","date_gmt":"2021-04-15T17:18:01","guid":{"rendered":"https:\/\/linitiative.ca\/International\/dakar-hote-de-la-semaine-de-la-mobilite-durable-et-du-climat\/"},"modified":"2021-04-15T13:18:01","modified_gmt":"2021-04-15T17:18:01","slug":"dakar-hote-de-la-semaine-de-la-mobilite-durable-et-du-climat","status":"publish","type":"post","link":"https:\/\/linitiative.ca\/International\/dakar-hote-de-la-semaine-de-la-mobilite-durable-et-du-climat\/","title":{"rendered":"Dakar h\u00f4te de la semaine de la mobilit\u00e9 durable et du climat"},"content":{"rendered":"<div readability=\"32\">\n<p>Publi\u00e9 le 15.04.2021 \u00e0 18h18 par APA News<\/p>\n<\/div>\n<div readability=\"90\">\n<p>La rencontre se tiendra notamment du 13 au 17 septembre 2022 au S\u00e9n\u00e9gal.Elle est organis\u00e9e sous l\u2019\u00e9gide du minist\u00e8re s\u00e9n\u00e9galais des Infrastructures, des Transports terrestres et du D\u00e9senclavement par le biais du Conseil ex\u00e9cutif des transports urbains de Dakar (Cetud), en partenariat avec le r\u00e9seau Coop\u00e9ration pour le D\u00e9veloppement et l\u2019Am\u00e9lioration des transport urbains et p\u00e9riurbains (Codatu) et l\u2019Association Climate Chance.<\/p>\n<p>La Semaine de la mobilit\u00e9 durable et du climat (SMDC) permettra d\u2019organiser simultan\u00e9ment la 18e conf\u00e9rence de la Codatu et le troisi\u00e8me sommet Climate Chance Afrique.<\/p>\n<p>\u00ab Cette rencontre de dimension internationale a pour but de favoriser un d\u00e9veloppement des territoires compatible avec les objectifs de l\u2019Accord de Paris, notamment en ce qui concerne la mobilit\u00e9 \u00bb, a expliqu\u00e9 le ministre Mansour Faye, ministre des Infrastructures, des Transports terrestres et du D\u00e9senclavement.<\/p>\n<p>S\u2019exprimant au cours d\u2019une conf\u00e9rence de presse, Mansour Faye a soulign\u00e9 l\u2019importance de la participation des collectivit\u00e9s territoriales dans la lutte contre les changements climatiques, notamment l\u2019\u00e9mission de gaz \u00e0 effet de serre.<\/p>\n<p>\u00ab La prise en charge des collectivit\u00e9s territoriales est fondamentale dans la lutte contre les changements climatiques et une attention particuli\u00e8re doit \u00eatre accord\u00e9e aux secteurs les plus \u00e9missifs notamment l\u2019\u00e9nergie, le b\u00e2timent et le transport \u00bb, a indiqu\u00e9 le ministre des Infrastructures, des Transports terrestres et du D\u00e9senclavement, justifiant ainsi l\u2019implication du minist\u00e8re des Collectivit\u00e9s territoriales dans l\u2019organisation de la Semaine de la mobilit\u00e9 durable et du climat (SMDC) \u00e0 Dakar.<\/p>\n<p>Il a soulign\u00e9 qu\u2019en Afrique, pr\u00e8s de 20 % des Gaz \u00e0 effet de Serre (GES) mesur\u00e9s dans les villes les plus importantes sont \u00e9mis par les transports.<\/p>\n<p>\u00a0Au terme de cette semaine qui se pr\u00e9sente d\u00e9j\u00e0 comme une pr\u00e9-COP pour l\u2019Afrique, les participants adopteront la \u00ab D\u00e9claration de Dakar \u00bb. Celle-ci sera une feuille de route op\u00e9rationnelle pour la mobilit\u00e9 durable et le renforcement de l\u2019action climat dans les territoires. Elle sera une contribution collective \u00e0 la COP26 pr\u00e9vue \u00e0 Glasgow.<\/p>\n<p>Selon ses organisateurs, le rendez-vous de Dakar verra la participation de nombreux acteurs de la transition et de la lutte contre le changement climatique, \u00e9tatiques et non-\u00e9tatiques, afin de faire b\u00e9n\u00e9ficier au S\u00e9n\u00e9gal et au continent africain d\u2019un moment fort de mobilisation sur les questions de durabilit\u00e9 et de lutte contre le changement climatique.<\/p>\n<p>Plusieurs r\u00e9seaux seront engag\u00e9s : Convention des maires en Afrique Subsaharienne (Comssa), Communaut\u00e9 de pratique \u00ab MobiliseYourCity \u00bb, Club des Autorit\u00e9s organisatrices de la mobilit\u00e9 Nord\/Sud, le r\u00e9seau des \u00e9tablissements d\u2019enseignement sup\u00e9rieur et de recherche francophones avec le soutien de l\u2019Agence universitaire de la francophonie (AUF).<\/p>\n<\/div>\n<p>Auteur: APA News<br \/>\n<a href=\"https:\/\/www.journalducameroun.com\/dakar-hote-de-la-semaine-de-la-mobilite-durable-et-du-climat\/\">Cliquez ici pour lire l&rsquo;article depuis sa source.<\/a><\/p>\n","protected":false},"excerpt":{"rendered":"<p>Publi\u00e9 le 15.04.2021 \u00e0 18h18 par APA News La rencontre se tiendra notamment du 13 au 17 septembre 2022 au S\u00e9n\u00e9gal.Elle est organis\u00e9e sous l\u2019\u00e9gide du minist\u00e8re s\u00e9n\u00e9galais des Infrastructures, des Transports terrestres et du D\u00e9senclavement par le biais du Conseil ex\u00e9cutif des transports urbains de Dakar (Cetud), en partenariat avec le r\u00e9seau Coop\u00e9ration pour [&hellip;]<\/p>\n","protected":false},"author":1965,"featured_media":0,"comment_status":"closed","ping_status":"closed","sticky":false,"template":"","format":"standard","meta":{"fifu_image_url":"","fifu_image_alt":"","footnotes":""},"categories":[73,82],"tags":[],"class_list":["post-115001","post","type-post","status-publish","format-standard","hentry","category-actualite","category-cameroun"],"_links":{"self":[{"href":"https:\/\/linitiative.ca\/International\/wp-json\/wp\/v2\/posts\/115001","targetHints":{"allow":["GET"]}}],"collection":[{"href":"https:\/\/linitiative.ca\/International\/wp-json\/wp\/v2\/posts"}],"about":[{"href":"https:\/\/linitiative.ca\/International\/wp-json\/wp\/v2\/types\/post"}],"author":[{"embeddable":true,"href":"https:\/\/linitiative.ca\/International\/wp-json\/wp\/v2\/users\/1965"}],"replies":[{"embeddable":true,"href":"https:\/\/linitiative.ca\/International\/wp-json\/wp\/v2\/comments?post=115001"}],"version-history":[{"count":0,"href":"https:\/\/linitiative.ca\/International\/wp-json\/wp\/v2\/posts\/115001\/revisions"}],"wp:attachment":[{"href":"https:\/\/linitiative.ca\/International\/wp-json\/wp\/v2\/media?parent=115001"}],"wp:term":[{"taxonomy":"category","embeddable":true,"href":"https:\/\/linitiative.ca\/International\/wp-json\/wp\/v2\/categories?post=115001"},{"taxonomy":"post_tag","embeddable":true,"href":"https:\/\/linitiative.ca\/International\/wp-json\/wp\/v2\/tags?post=115001"}],"curies":[{"name":"wp","href":"https:\/\/api.w.org\/{rel}","templated":true}]}}