{"id":115002,"date":"2021-04-15T15:18:02","date_gmt":"2021-04-15T19:18:02","guid":{"rendered":"https:\/\/linitiative.ca\/International\/cote-divoire-amade-oueremi-condamne-a-lemprisonnement-a-vie\/"},"modified":"2021-04-15T15:18:02","modified_gmt":"2021-04-15T19:18:02","slug":"cote-divoire-amade-oueremi-condamne-a-lemprisonnement-a-vie","status":"publish","type":"post","link":"https:\/\/linitiative.ca\/International\/cote-divoire-amade-oueremi-condamne-a-lemprisonnement-a-vie\/","title":{"rendered":"C\u00f4te d\u2019Ivoire: Amad\u00e9 Ou\u00e9r\u00e9mi condamn\u00e9 \u00e0 l\u2019emprisonnement \u00e0 vie"},"content":{"rendered":"<div readability=\"32\">\n<p>Publi\u00e9 le 15.04.2021 \u00e0 20h18 par APA News<\/p>\n<\/div>\n<div readability=\"72\">\n<p>L\u2019ex-chef de milice Amad\u00e9 Ou\u00e9remi a \u00e9t\u00e9 reconnu jeudi coupable de faits de crimes contre les populations par le Tribunal criminel d\u2019Abidjan qui l\u2019a condamn\u00e9 \u00e0 l\u2019emprisonnement \u00e0 vie avec pr\u00e8s de 2 milliards de FCFA de dommages et int\u00e9r\u00eats \u00e0 payer.<\/p>\n<p>\u00ab Le Tribunal d\u00e9clare M. Amad\u00e9 Ou\u00e9remi coupable des faits de crimes contre les populations, viols, vols en r\u00e9union, etc, et le condamne \u00e0 l\u2019emprisonnement \u00e0 vie\u00bb, a dit le juge Charles Biny qui a \u00a0\u00e9galement condamn\u00e9 M. Ou\u00e9r\u00e9mi \u00e0 payer pr\u00e8s de 2 milliards FCFA de dommages et int\u00e9r\u00eats aux victimes.\u00a0<\/p>\n<p>De son c\u00f4t\u00e9, Roselyne Aka-S\u00e9rikpa, le Conseil d\u2019Amad\u00e9 Ou\u00e9r\u00e9mi a d\u00e9nonc\u00e9 un proc\u00e8s \u00a0\u00ab biais\u00e9 \u00a0\u00bb avec beaucoup de \u00a0\u00ab zones d\u2019ombre \u00a0\u00bb.\u00a0<\/p>\n<p>\u00ab \u00a0Ce proc\u00e8s qui dans son d\u00e9roulement \u00e9tait biais\u00e9, ne pouvait que donner une sentence biais\u00e9e. Le juge n\u2019a fait que dire ce qu\u2019il pensait. Vous m\u2019avez vu demander la comparution de personnes qui ont \u00e9t\u00e9 nomm\u00e9ment cit\u00e9es par M. Ou\u00e9r\u00e9mi. Mais on a trouv\u00e9 des subterfuges pour ne pas que ces personnes comparaissent. NDLR (Lieutenant-colonel Losseni Fofana et Commandant Coulibaly de Kouibly) \u00bb, a regrett\u00e9 Me Aka-S\u00e9rikpa.\u00a0<\/p>\n<p>\u00ab \u00a0On a beaucoup de zones d\u2019ombres dans cette affaire de sorte qu\u2019il n\u2019y a pas eu la manifestation ou l\u2019\u00e9clatement de la v\u00e9rit\u00e9\u00bb, a-t-elle soutenu ajout qu\u2019 il est \u00a0\u00ab injuste \u00bb que son client endosse \u00e0 lui tout seul la responsabilit\u00e9 de ce qui s\u2019est pass\u00e9 \u00e0 Du\u00e9kou\u00e9 \u00bb.<\/p>\n<p>Quant \u00e0 Issiaka Diaby, le pr\u00e9sident du Collectif des victimes en C\u00f4te d\u2019Ivoire (CVCI), il a estim\u00e9 que cette d\u00e9cision du Tribunal est une \u00a0\u00ab symphonie inachev\u00e9e \u00a0\u00bb.<\/p>\n<p>\u00a0Mercredi dernier, le procureur avait requis la prison \u00e0 vie contre Amad\u00e9 Ou\u00e9remi avec une amende de 100 millions FCFA. Ce proc\u00e8s d\u2019Amad\u00e9 Ou\u00e9r\u00e9mi s\u2019est ouvert \u00a0le 24 mars dernier pour crimes contre l\u2019humanit\u00e9 commis pendant la crise post-\u00e9lectorale ivoirienne de 2010-2011 \u00e0 Du\u00e9kou\u00e9 dans l\u2019ouest du pays o\u00f9 plus de 800 personnes ont \u00e9t\u00e9 massacr\u00e9es.<\/p>\n<\/div>\n<p>Auteur: APA News<br \/>\n<a href=\"https:\/\/www.journalducameroun.com\/cote-divoire-amade-oueremi-condamne-a-lemprisonnement-a-vie\/\">Cliquez ici pour lire l&rsquo;article depuis sa source.<\/a><\/p>\n","protected":false},"excerpt":{"rendered":"<p>Publi\u00e9 le 15.04.2021 \u00e0 20h18 par APA News L\u2019ex-chef de milice Amad\u00e9 Ou\u00e9remi a \u00e9t\u00e9 reconnu jeudi coupable de faits de crimes contre les populations par le Tribunal criminel d\u2019Abidjan qui l\u2019a condamn\u00e9 \u00e0 l\u2019emprisonnement \u00e0 vie avec pr\u00e8s de 2 milliards de FCFA de dommages et int\u00e9r\u00eats \u00e0 payer. \u00ab Le Tribunal d\u00e9clare M. [&hellip;]<\/p>\n","protected":false},"author":1965,"featured_media":0,"comment_status":"closed","ping_status":"closed","sticky":false,"template":"","format":"standard","meta":{"fifu_image_url":"","fifu_image_alt":"","footnotes":""},"categories":[73,82],"tags":[],"class_list":["post-115002","post","type-post","status-publish","format-standard","hentry","category-actualite","category-cameroun"],"_links":{"self":[{"href":"https:\/\/linitiative.ca\/International\/wp-json\/wp\/v2\/posts\/115002","targetHints":{"allow":["GET"]}}],"collection":[{"href":"https:\/\/linitiative.ca\/International\/wp-json\/wp\/v2\/posts"}],"about":[{"href":"https:\/\/linitiative.ca\/International\/wp-json\/wp\/v2\/types\/post"}],"author":[{"embeddable":true,"href":"https:\/\/linitiative.ca\/International\/wp-json\/wp\/v2\/users\/1965"}],"replies":[{"embeddable":true,"href":"https:\/\/linitiative.ca\/International\/wp-json\/wp\/v2\/comments?post=115002"}],"version-history":[{"count":0,"href":"https:\/\/linitiative.ca\/International\/wp-json\/wp\/v2\/posts\/115002\/revisions"}],"wp:attachment":[{"href":"https:\/\/linitiative.ca\/International\/wp-json\/wp\/v2\/media?parent=115002"}],"wp:term":[{"taxonomy":"category","embeddable":true,"href":"https:\/\/linitiative.ca\/International\/wp-json\/wp\/v2\/categories?post=115002"},{"taxonomy":"post_tag","embeddable":true,"href":"https:\/\/linitiative.ca\/International\/wp-json\/wp\/v2\/tags?post=115002"}],"curies":[{"name":"wp","href":"https:\/\/api.w.org\/{rel}","templated":true}]}}