{"id":115003,"date":"2021-04-15T15:18:02","date_gmt":"2021-04-15T19:18:02","guid":{"rendered":"https:\/\/linitiative.ca\/International\/covid-19-13-millions-de-doses-de-vaccin-administrees-en-afrique\/"},"modified":"2021-04-15T15:18:02","modified_gmt":"2021-04-15T19:18:02","slug":"covid-19-13-millions-de-doses-de-vaccin-administrees-en-afrique","status":"publish","type":"post","link":"https:\/\/linitiative.ca\/International\/covid-19-13-millions-de-doses-de-vaccin-administrees-en-afrique\/","title":{"rendered":"Covid-19 : 13 millions de doses de vaccin administr\u00e9es en Afrique"},"content":{"rendered":"<div readability=\"32\">\n<p>Publi\u00e9 le 15.04.2021 \u00e0 20h18 par APA News<\/p>\n<\/div>\n<div readability=\"104\">\n<p>Au total, 45 pays du continent noir ont d\u00e9marr\u00e9 leurs campagnes de vaccination contre le nouveau coronavirus.La pand\u00e9mie de la Covid-19 a montr\u00e9, une fois encore, les in\u00e9galit\u00e9s sur la plan\u00e8te. En effet, l\u2019Afrique est incapable de concurrencer les pays d\u00e9velopp\u00e9s qui s\u2019arrachent les vaccins dont la quantit\u00e9 insuffisante ne permet pas de satisfaire la demande mondiale.<\/p>\n<p>\u00ab Dans les pays \u00e0 revenu \u00e9lev\u00e9, en moyenne une personne sur quatre a d\u00e9j\u00e0 re\u00e7u une dose du vaccin contre la Covid-19, contre une personne sur 500 dans les pays \u00e0 revenu plus faible, notamment dans plusieurs pays africains \u00bb, a fustig\u00e9 Dr Matshidiso Moeti, la Directrice r\u00e9gionale de l\u2019Organisation Mondiale de la Sant\u00e9 pour l\u2019Afrique.<\/p>\n<p>La Botswanaise s\u2019exprimait, ce jeudi 15 avril, lors d\u2019une conf\u00e9rence de presse virtuelle au cours de laquelle le Bureau r\u00e9gional qu\u2019elle dirige a soulign\u00e9 que \u00ab plus de deux tiers des doses administr\u00e9es en Afrique l\u2019ont \u00e9t\u00e9 dans dix pays (o\u00f9) les stocks s\u2019amenuisent ou sont d\u00e9j\u00e0 \u00e9puis\u00e9s \u00bb.<\/p>\n<p>Pour inverser la tendance, les experts ont plaid\u00e9 pour le renforcement des \u00ab capacit\u00e9s de production de vaccins \u00bb en Afrique dans \u00ab un contexte marqu\u00e9 par des approvisionnements limit\u00e9s et des retards dans l\u2019acheminement des doses \u00bb.<\/p>\n<p>En tout, 12 millions de doses d\u2019AstraZeneca ont \u00e9t\u00e9 inject\u00e9es sur le continent. Gr\u00e2ce principalement au m\u00e9canisme Covax, 36 pays ont re\u00e7u des lots du pr\u00e9cieux liquide. Si la formation de caillots sanguins apr\u00e8s la prise des vaccins AstraZeneca et Johnson &amp; Johnson a conduit des pays occidentaux \u00e0 les suspendre temporairement, la situation est toute autre en Afrique.<\/p>\n<p>\u00ab La plupart des rapports faisant \u00e9tat de manifestations postvaccinales ind\u00e9sirables ne concernent que des effets secondaires b\u00e9nins ou mod\u00e9r\u00e9s. Jusqu\u2019ici, aucun cas de trouble de la coagulation sanguine n\u2019a \u00e9t\u00e9 notifi\u00e9 apr\u00e8s la vaccination\u00a0\u00bb, a indiqu\u00e9 OMS Afrique.<\/p>\n<p>Tout compte fait, l\u2019agence sp\u00e9cialis\u00e9e des Nations unies pour la sant\u00e9 publique a promis de continuer l\u2019\u00e9valuation des vaccins mais \u00ab consid\u00e8re sur la base des connaissances actuelles que les avantages l\u2019emportent largement sur les risques \u00bb.<\/p>\n<p>En tout cas, Dr Moeti est persuad\u00e9e que \u00ab chaque dose administr\u00e9e est un pas de plus vers la fin de cette pand\u00e9mie \u00bb. Poursuivant, elle a invit\u00e9 les Etats africains \u00e0 tout mettre en \u0153uvre afin de \u00ab r\u00e9duire le nombre de cas de formes s\u00e9v\u00e8res de la maladie, ainsi que le taux d\u2019hospitalisation et de d\u00e9c\u00e8s\u00a0\u00bb.<\/p>\n<p>\u00c0 ce jour, le continent noir compte plus de 4,3 millions de cas du nouveau coronavirus. Au cours des 28 derniers jours, a r\u00e9v\u00e9l\u00e9 le Bureau r\u00e9gional de l\u2019OMS pour l\u2019Afrique, le nombre d\u2019infections a augment\u00e9 d\u2019au moins 50 % dans 13 pays. Il s\u2019agit entre autres de l\u2019Angola, de l\u2019\u00c9thiopie, du Kenya et de la Centrafrique.<\/p>\n<p>Le Sars-CoV-2, identifi\u00e9 le 9 janvier 2020 \u00e0 Wuhan (Chine), a d\u00e9j\u00e0 caus\u00e9 la mort de pr\u00e8s de 3 millions de personnes dans le monde dont 116.506 en Afrique.<\/p>\n<\/div>\n<p>Auteur: APA News<br \/>\n<a href=\"https:\/\/www.journalducameroun.com\/covid-19-13-millions-de-doses-de-vaccin-administrees-en-afrique\/\">Cliquez ici pour lire l&rsquo;article depuis sa source.<\/a><\/p>\n","protected":false},"excerpt":{"rendered":"<p>Publi\u00e9 le 15.04.2021 \u00e0 20h18 par APA News Au total, 45 pays du continent noir ont d\u00e9marr\u00e9 leurs campagnes de vaccination contre le nouveau coronavirus.La pand\u00e9mie de la Covid-19 a montr\u00e9, une fois encore, les in\u00e9galit\u00e9s sur la plan\u00e8te. En effet, l\u2019Afrique est incapable de concurrencer les pays d\u00e9velopp\u00e9s qui s\u2019arrachent les vaccins dont la [&hellip;]<\/p>\n","protected":false},"author":1965,"featured_media":0,"comment_status":"closed","ping_status":"closed","sticky":false,"template":"","format":"standard","meta":{"fifu_image_url":"","fifu_image_alt":"","footnotes":""},"categories":[73,82],"tags":[],"class_list":["post-115003","post","type-post","status-publish","format-standard","hentry","category-actualite","category-cameroun"],"_links":{"self":[{"href":"https:\/\/linitiative.ca\/International\/wp-json\/wp\/v2\/posts\/115003","targetHints":{"allow":["GET"]}}],"collection":[{"href":"https:\/\/linitiative.ca\/International\/wp-json\/wp\/v2\/posts"}],"about":[{"href":"https:\/\/linitiative.ca\/International\/wp-json\/wp\/v2\/types\/post"}],"author":[{"embeddable":true,"href":"https:\/\/linitiative.ca\/International\/wp-json\/wp\/v2\/users\/1965"}],"replies":[{"embeddable":true,"href":"https:\/\/linitiative.ca\/International\/wp-json\/wp\/v2\/comments?post=115003"}],"version-history":[{"count":0,"href":"https:\/\/linitiative.ca\/International\/wp-json\/wp\/v2\/posts\/115003\/revisions"}],"wp:attachment":[{"href":"https:\/\/linitiative.ca\/International\/wp-json\/wp\/v2\/media?parent=115003"}],"wp:term":[{"taxonomy":"category","embeddable":true,"href":"https:\/\/linitiative.ca\/International\/wp-json\/wp\/v2\/categories?post=115003"},{"taxonomy":"post_tag","embeddable":true,"href":"https:\/\/linitiative.ca\/International\/wp-json\/wp\/v2\/tags?post=115003"}],"curies":[{"name":"wp","href":"https:\/\/api.w.org\/{rel}","templated":true}]}}