{"id":115004,"date":"2021-04-15T16:18:02","date_gmt":"2021-04-15T20:18:02","guid":{"rendered":"https:\/\/linitiative.ca\/International\/apres-la-bad-nafissatou-ndiaye-diouf-depose-ses-valises-a-luminate\/"},"modified":"2021-04-15T16:18:02","modified_gmt":"2021-04-15T20:18:02","slug":"apres-la-bad-nafissatou-ndiaye-diouf-depose-ses-valises-a-luminate","status":"publish","type":"post","link":"https:\/\/linitiative.ca\/International\/apres-la-bad-nafissatou-ndiaye-diouf-depose-ses-valises-a-luminate\/","title":{"rendered":"Apr\u00e8s la BAD, Nafissatou N\u2019diaye-Diouf d\u00e9pose ses valises \u00e0 Luminate"},"content":{"rendered":"<div readability=\"32\">\n<p>Publi\u00e9 le 15.04.2021 \u00e0 21h18 par APA News<\/p>\n<\/div>\n<div readability=\"150\">\n<p>La S\u00e9n\u00e9galaise Nafissatou N\u2019Diaye-Diouf, ex-directrice de la communication par int\u00e9rim du Groupe de la Banque africaine de d\u00e9veloppement (BAD), annonce sa prise de service \u00e0 Luminate, une organisation philanthropique internationale.<\/p>\n<p>\u00ab\u00a0Je suis extr\u00eamement heureuse de vous annoncer que je me suis lanc\u00e9e dans mon prochain voyage professionnel apr\u00e8s la Banque africaine de d\u00e9veloppement (BAD)\u00a0\u00bb, affirme Mme Nafissatou Ndiaye-Diouf, dans un post sur Facebook. \u00a0<\/p>\n<p>Elle a indiqu\u00e9 que \u00ab\u00a0hier (mercredi)\u00a0\u00bb, \u00e9tait son \u00ab\u00a0premier jour en tant que directeur de communication de Luminate\u00a0\u00bb, une organisation philantropique mondiale dont l\u2019objectif est de donner aux personnes et aux institutions les moyens de travailler ensemble pour b\u00e2tir des soci\u00e9t\u00e9s justes et \u00e9quitables. \u00a0<\/p>\n<p>Luminate accorde \u00ab\u00a0la priorit\u00e9\u00a0\u00bb \u00e0 \u00ab\u00a0quatre domaines connect\u00e9s qui sous-tendent des soci\u00e9t\u00e9s fortes: l\u2019autonomisation civique, les bases de donn\u00e9es et les droits num\u00e9riques, la transparence financi\u00e8re et les m\u00e9dias ind\u00e9pendants\u00a0\u00bb.\u00a0<\/p>\n<p>Fond\u00e9e en 2018 par les philantropes Pierre et Pam Omidyar, l\u2019organisation fait partie du Groupe Omidyar. Avec son exp\u00e9rience, elle assure donner davantage de visibilit\u00e9 \u00e0 Luminate, d\u00e9clarant: \u00ab\u00a0en route vers de nouveaux sommets\u00a0\u00bb.\u00a0<\/p>\n<p>Nafissatou N\u2019Diaye-Diouf, ex-cheffe de division et ex-directrice de la communication par int\u00e9rim de la BAD,\u00a0avait inform\u00e9 fin janvier 2021 sa d\u00e9cision de quitter la banque, car le moment \u00e9tait venu pour elle d&rsquo;\u00a0\u00bbexplorer de nouveaux horizons\u00a0\u00bb.<\/p>\n<p>Fi\u00e8re de l\u2019exp\u00e9rience partag\u00e9e au sein de l\u2019institution, elle s\u2019\u00e9tait r\u00e9jouit d\u2019avoir \u00ab\u00a0travaill\u00e9 avec des esprits brillants, qui ont v\u00e9ritablement \u00e0 c\u0153ur d\u2019\u0153uvrer au d\u00e9veloppement \u00e9conomique et social de l\u2019Afrique\u00a0\u00bb. \u00a0<\/p>\n<p>Elle a \u00e9t\u00e9 nomm\u00e9e en avril 2020 directrice par int\u00e9rim du d\u00e9partement de la communication et des relations ext\u00e9rieures (PCER) de la BAD. \u00a0<\/p>\n<p>Avant d\u2019\u00eatre nomm\u00e9e directrice par int\u00e9rim de Communication de la banque en avril 2020, Nafissatou N\u2019diaye-Diouf, occupait le poste de cheffe de division au sein du D\u00e9partement de la communication et des relations ext\u00e9rieures \u00a0de la banque.\u00a0<\/p>\n<p>Nafissatou N\u2019diaye-Diouf jouit d\u2019un parcours universitaire de haut niveau et d\u2019une exp\u00e9rience de plus de 20 ans dans les domaines de la communication d\u2019entreprise, des relations publiques, du journalisme et du d\u00e9veloppement num\u00e9rique et m\u00e9diatique.<\/p>\n<p>Entre 2016 et 2018, Nafissatou Diouf \u00e9tait consultante en communication au sein du Complexe du secteur priv\u00e9 et de l\u2019infrastructure de la Banque. Avant de rejoindre la BAD, elle a fond\u00e9 et assur\u00e9 la direction g\u00e9n\u00e9rale de l\u2019agence 54 communication, \u00e0 Dakar, au S\u00e9n\u00e9gal, entre 2011 et 2017.\u00a0<\/p>\n<p>Durant sa carri\u00e8re professionnelle, Nafissatou N\u2019diaye-Diouf \u00a0a occup\u00e9 le poste de Directrice R\u00e9gionale des relations publiques pour Francophone Africa ZK Advertising, \u00e0 Johannesburg, en Afrique du Sud, o\u00f9 elle a fait preuve d\u2019une grande aptitude au leadership interculturel, g\u00e9rant des \u00e9quipes compos\u00e9es de professionnels des relations publiques, de directeurs de comptes et de repr\u00e9sentants de pays dans sept pays africains \u2013 Gabon, Niger, Tchad, Madagascar, Burkina Faso, R\u00e9publique d\u00e9mocratique du Congo et R\u00e9publique du Congo.\u00a0<\/p>\n<p>En adoptant une approche cr\u00e9ative et collaborative de la gestion de projets dans des march\u00e9s soumis \u00e0 forte concurrence, Nafissatou N\u2019diaye-Diouf a fait preuve d\u2019excellence en mati\u00e8re de strat\u00e9gie narrative de d\u00e9veloppement de contenus, de renforcement des capacit\u00e9s et de mentorat.<\/p>\n<p>Avant de travailler dans la communication d\u2019entreprise, Nafissatou N\u2019diaye-Diouf a travaill\u00e9 comme journaliste pour l\u2019agence de presse am\u00e9ricaine Associated Press (AP), couvrant les conflits et les crises internationales en Afrique de l\u2019Ouest et centrale, notamment au Liberia, en C\u00f4te d\u2019Ivoire, en R\u00e9publique d\u00e9mocratique du Congo, au Niger, en Mauritanie et en R\u00e9publique centrafricaine.\u00a0<\/p>\n<p>Nombre de ses reportages ont \u00e9t\u00e9 publi\u00e9s dans des journaux internationaux tels que le Washington Post, USA Today, le Boston Globe et le LA Times. Nafissatou a \u00e9galement travaill\u00e9 en tant qu\u2019 Open Source Officer pour le Foreign Broadcast Information Service (FBIS), une division de la Direction de la science et de la technologie au sein de l\u2019Agence centrale de renseignement (CIA).<\/p>\n<p>De langue maternelle fran\u00e7aise, Nafissatou N\u2019diaye-Diouf est titulaire d\u2019une ma\u00eetrise en interpr\u00e9tation et traduction de l\u2019universit\u00e9 de Salford au Royaume-Uni, d\u2019une licence en linguistiques appliqu\u00e9es de l\u2019universit\u00e9 de Thames Valley et d\u2019un dipl\u00f4me en journalisme et presse \u00e9crite de la London School of Journalism.<\/p>\n<\/div>\n<p>Auteur: APA News<br \/>\n<a href=\"https:\/\/www.journalducameroun.com\/apres-la-bad-nafissatou-ndiaye-diouf-depose-ses-valises-a-luminate\/\">Cliquez ici pour lire l&rsquo;article depuis sa source.<\/a><\/p>\n","protected":false},"excerpt":{"rendered":"<p>Publi\u00e9 le 15.04.2021 \u00e0 21h18 par APA News La S\u00e9n\u00e9galaise Nafissatou N\u2019Diaye-Diouf, ex-directrice de la communication par int\u00e9rim du Groupe de la Banque africaine de d\u00e9veloppement (BAD), annonce sa prise de service \u00e0 Luminate, une organisation philanthropique internationale. \u00ab\u00a0Je suis extr\u00eamement heureuse de vous annoncer que je me suis lanc\u00e9e dans mon prochain voyage professionnel [&hellip;]<\/p>\n","protected":false},"author":1965,"featured_media":0,"comment_status":"closed","ping_status":"closed","sticky":false,"template":"","format":"standard","meta":{"fifu_image_url":"","fifu_image_alt":"","footnotes":""},"categories":[73,82],"tags":[],"class_list":["post-115004","post","type-post","status-publish","format-standard","hentry","category-actualite","category-cameroun"],"_links":{"self":[{"href":"https:\/\/linitiative.ca\/International\/wp-json\/wp\/v2\/posts\/115004","targetHints":{"allow":["GET"]}}],"collection":[{"href":"https:\/\/linitiative.ca\/International\/wp-json\/wp\/v2\/posts"}],"about":[{"href":"https:\/\/linitiative.ca\/International\/wp-json\/wp\/v2\/types\/post"}],"author":[{"embeddable":true,"href":"https:\/\/linitiative.ca\/International\/wp-json\/wp\/v2\/users\/1965"}],"replies":[{"embeddable":true,"href":"https:\/\/linitiative.ca\/International\/wp-json\/wp\/v2\/comments?post=115004"}],"version-history":[{"count":0,"href":"https:\/\/linitiative.ca\/International\/wp-json\/wp\/v2\/posts\/115004\/revisions"}],"wp:attachment":[{"href":"https:\/\/linitiative.ca\/International\/wp-json\/wp\/v2\/media?parent=115004"}],"wp:term":[{"taxonomy":"category","embeddable":true,"href":"https:\/\/linitiative.ca\/International\/wp-json\/wp\/v2\/categories?post=115004"},{"taxonomy":"post_tag","embeddable":true,"href":"https:\/\/linitiative.ca\/International\/wp-json\/wp\/v2\/tags?post=115004"}],"curies":[{"name":"wp","href":"https:\/\/api.w.org\/{rel}","templated":true}]}}