{"id":115007,"date":"2021-04-15T08:47:57","date_gmt":"2021-04-15T12:47:57","guid":{"rendered":"https:\/\/linitiative.ca\/International\/injures-publiques-et-diffamation-un-mandat-darret-contre-le-pdg-du-groupe-fadoul\/"},"modified":"2021-04-15T08:47:57","modified_gmt":"2021-04-15T12:47:57","slug":"injures-publiques-et-diffamation-un-mandat-darret-contre-le-pdg-du-groupe-fadoul","status":"publish","type":"post","link":"https:\/\/linitiative.ca\/International\/injures-publiques-et-diffamation-un-mandat-darret-contre-le-pdg-du-groupe-fadoul\/","title":{"rendered":"Injures publiques et diffamation : un mandat d\u2019arr\u00eat contre le PDG du groupe Fadoul"},"content":{"rendered":"<p>O\u00f9 se cache finalement Fadoul Michel El Achkar Zouhair ? L\u2019op\u00e9rateur \u00e9conomique est pourtant sous le coup d\u2019un mandat d\u2019arr\u00eat lanc\u00e9 par le Tribunal de grande instance de Bangui. Mandat d\u00e9livr\u00e9 le 31 janvier 2019. Aux derni\u00e8res nouvelles, Fadoul Michel El Achkar Zouhair est \u00e9tonnement libre de tout mouvement entre le Cameroun, la R\u00e9publique d\u00e9mocratique du Congo, le Togo, ou la C\u00f4te-d\u2019Ivoire. Narguant la justice des pays dans lesquels il a \u00e9t\u00e9 condamn\u00e9 du fait de ses activit\u00e9s. Pour le cas de la Centrafrique, l\u2019homme d\u2019affaires a en effet \u00e9t\u00e9 condamn\u00e9 par le tribunal des c\u00e9ans \u00e0 3 ans de prison ferme, ainsi qu\u2019au paiement de 500.000 FCFA d\u2019amende. La sanction p\u00e9nale prononc\u00e9e le 31 janvier 2019 par Gabriel Kette, 2\u00e8me juge du Tribunal de grande instance de Bangui, est assortie d\u2019un mandat d\u2019arr\u00eat. Il est reproch\u00e9 \u00e0 Fadoul Michel El Achkar Zouhair, domicili\u00e9 \u00e0 Bangui, des faits d\u2019 \u00abinjures publiques et diffamation\u00bb, d\u00e9lits pr\u00e9vus et punis par les articles 133 et 134 du Code p\u00e9nal centrafricain. L\u2019affaire l\u2019oppose \u00e0 l\u2019op\u00e9rateur \u00e9conomique El Akhras Ali et le Minist\u00e8re public centrafricain \u00e0 travers une plainte d\u00e9pos\u00e9e le 21 janvier 2019.<\/p>\n<p><strong>Lire aussi<\/strong> : <strong><a href=\"https:\/\/ecomatin.net\/assurance-credit-les-chantiers-btp-du-cameroun-exclus-de-la-couverture-coface\/\">Assurance-cr\u00e9dit: les chantiers BTP du Cameroun exclus de la couverture Coface<\/a><\/strong><\/p>\n<p>Absent du proc\u00e8s, Fadoul Michel Zouhair El Achkar est accus\u00e9 d\u2019avoir organis\u00e9 une conf\u00e9rence de presse dans sa chambre d\u2019h\u00f4tel Ledger Plaza de Bangui, au cours de laquelle l\u2019op\u00e9rateur \u00e9conomique a fait d\u2019\u00e9tonnantes d\u00e9clarations aux journalistes : \u00abla conclusion de vos articles doit reposer sur la capacit\u00e9 de nuisance de Monsieur Akhras sur le bon fonctionnement du syst\u00e8me judiciaire\u2026Il y\u2019a des frais \u00e0 attribuer aux journalistes\u2026.Je suis pr\u00eat \u00e0 aider financi\u00e8rement les journalistes\u2026 Monsieur Akhras a pris l\u2019habitude de spolier les gens avec la complicit\u00e9 de la justice\u00bb. Joignant l\u2019acte \u00e0 la parole, Fadoul Michel El Achkar remettra une enveloppe de 500.000 FCFA aux hommes de m\u00e9dias. D\u2019apr\u00e8s le Tribunal de grande instance de Bangui, le pr\u00e9venu a \u00abmont\u00e9 les journalistes contre Akhras, les incitant ainsi \u00e0 \u00e9crire des articles de nature \u00e0 salir l\u2019image de marque de celui-ci et de lui nuire\u2026.\u00bb.<\/p>\n<p>Le Tribunal de grande instance consid\u00e8re les accusations de Fadoul Michel Zouhair El Achkar port\u00e9es sur El Akhras et la justice centrafricaine comme \u00e9tant \u00absans preuves, des agissements bl\u00e2mables de nature \u00e0 porter atteinte \u00e0 la consid\u00e9ration tant de leur victime que du corps de la justice tout entier\u00a0\u00bb. Michel Zouhair El Achkar n\u2019est pas \u00e0 ses premiers d\u00e9m\u00eal\u00e9s avec la justice internationale. Guy Simplice Kod\u00e9gu\u00e9, ex-Ministre de la R\u00e9publique centrafricaine et ancien porte-parole du gouvernement centrafricain, a en effet tra\u00een\u00e9 l\u2019op\u00e9rateur \u00e9conomique devant les tribunaux de Nantes. Accusant Fadoul Michel Zouhair d\u2019alimenter la crise en R\u00e9publique centrafricaine via son groupe industriel : le Groupe Fadoul. L\u2019homme d\u2019affaires entretiendrait ainsi des relations plus qu\u2019\u00e9troites avec les rebelles centrafricains, auteurs de graves exactions. Un soutien de trop apr\u00e8s quelques campagnes de d\u00e9stabilisation de plusieurs r\u00e9gimes en Afrique de l\u2019Ouest o\u00f9 il est bas\u00e9, d\u2019apr\u00e8s Simplice Kodegue. Par ailleurs, en novembre 2020, l\u2019op\u00e9rateur \u00e9conomique a \u00e9t\u00e9 reconnu coupable de trafic de nationalit\u00e9s, fort des 5 passeports dont il dispose curieusement: B\u00e9nin, le Togo, la C\u00f4te d\u2019Ivoire, et Burkina Faso. Des pays d\u2019Afrique de l\u2019Ouest o\u00f9 il a amass\u00e9 une immense fortune.<\/p>\n<p><strong>Lire aussi<\/strong> : <strong><a href=\"https:\/\/ecomatin.net\/les-entreprises-augmentent-les-prix-du-gravier\/\">Les entreprises augmentent les prix du gravier<\/a><\/strong><\/p>\n<p>Au Cameroun, Michel Zouhair Fadoul dispose d\u2019un pass\u00e9 tout aussi mouvement\u00e9. Notamment sur l\u2019affaire qui l\u2019oppose \u00e0 Omais Kassim concernant la soci\u00e9t\u00e9 Transport Omais Kassim SARL. La brouille entre les deux hommes na\u00eet du non-respect des termes d\u2019un accord de partenariat datant du 8 ao\u00fbt 2001. Selon Me Charles Tchoungang, avocat de Michel Zouhair Fadoul El Achkar, ce dernier est actionnaire, \u00e0 50% de la soci\u00e9t\u00e9 de transport Oma\u00efs Kassim Selecta Sarl au capital de 10 millions Fcfa, dont le si\u00e8ge social est \u00e0 Ngaound\u00e9r\u00e9, dans la r\u00e9gion de l\u2019Adamaoua (Cameroun) et dont le propri\u00e9taire initial est Kassim Oma\u00efs. Mais, la partie Fadoul se dit surprise par le refus de la justice camerounaise de faire ex\u00e9cuter cette d\u00e9cision. Il invoque, pour le d\u00e9plorer, la loi n\u00b02007\/001 du 19 avril 2007 fixant les conditions de l\u2019ex\u00e9cution au Cameroun des d\u00e9cisions judiciaires et actes publics \u00e9trangers, ainsi que les sentences arbitrales \u00e9trang\u00e8res. C\u2019est dans le cadre de ce long combat judiciaire que la Cour d\u2019Appel du Littoral a condamn\u00e9 Fadoul Michel Zouhair \u00e0 6 mois d\u2019emprisonnement avec sursis pendant trois 3 ans pour \u00abd\u00e9clarations mensong\u00e8res et d\u00e9nonciation calomnieuse\u00bb.<\/p>\n<p>Fort d\u2019un curieux rebondissement sur cette affaire, Fadoul Michel Zouhair continue de revendiquer la propri\u00e9t\u00e9 de l\u2019entreprise querell\u00e9e, pr\u00e9tendument plac\u00e9e sous administration provisoire. A ces multiples accusations, un proche de Fadoul Michel El Achkar Zouhair clame \u00abla s\u00e9r\u00e9nit\u00e9 \u00bb de l\u2019op\u00e9rateur \u00e9conomique. Particuli\u00e8rement sur le dossier centrafricain, ce proche rassure \u00e9galement : \u00abc\u2019est une affaire sold\u00e9e. Il y a eu des \u00e9chauffour\u00e9es au tribunal puis les juges nous ont convoqu\u00e9 et l\u2019affaire class\u00e9e. Je sais que Oma\u00efs Kassim et El Akhras, le libanais de Bangui, sont en tandem contre Fadoul, mais la justice est plus forte que la corruption. Fadoul a gagn\u00e9 Oma\u00efs au Cameroun apr\u00e8s 15 ans de proc\u00e9dure, Fadoul gagnera aussi celui de Bangui\u2026\u00bb, a-t-il indiqu\u00e9. Le Groupe Fadoul dispose de plusieurs entreprises dans une dizaine de pays africains dont le Cameroun (Sidem, Mitcam, Sacam, Cameroon World technologue etc\u2026.). Ses activit\u00e9s s\u2019\u00e9tendent dans des domaines diversifi\u00e9s : transport, distribution automobile, l\u2019audiovisuel, le Btp, le bois, l\u2019import\/export ou la construction.<\/p>\n<p><strong>Lire aussi<\/strong> : <strong><a href=\"https:\/\/ecomatin.net\/infrastructures-routieres-la-boulimie-du-chinois-cccc\/\">Infrastructures routi\u00e8res : la boulimie du Chinois CCCC<\/a><\/strong><\/p>\n<p>Auteur: Georges Semey<br \/>\n<a href=\"https:\/\/ecomatin.net\/injures-publiques-et-diffamation-un-mandat-darret-contre-le-pdg-du-groupe-fadoul\/\">Cliquez ici pour lire l&rsquo;article depuis sa source.<\/a><\/p>\n","protected":false},"excerpt":{"rendered":"<p>O\u00f9 se cache finalement Fadoul Michel El Achkar Zouhair ? L\u2019op\u00e9rateur \u00e9conomique est pourtant sous le coup d\u2019un mandat d\u2019arr\u00eat lanc\u00e9 par le Tribunal de grande instance de Bangui. Mandat d\u00e9livr\u00e9 le 31 janvier 2019. Aux derni\u00e8res nouvelles, Fadoul Michel El Achkar Zouhair est \u00e9tonnement libre de tout mouvement entre le Cameroun, la R\u00e9publique d\u00e9mocratique [&hellip;]<\/p>\n","protected":false},"author":1969,"featured_media":0,"comment_status":"closed","ping_status":"closed","sticky":false,"template":"","format":"standard","meta":{"fifu_image_url":"","fifu_image_alt":"","footnotes":""},"categories":[82,78],"tags":[],"class_list":["post-115007","post","type-post","status-publish","format-standard","hentry","category-cameroun","category-economie"],"_links":{"self":[{"href":"https:\/\/linitiative.ca\/International\/wp-json\/wp\/v2\/posts\/115007","targetHints":{"allow":["GET"]}}],"collection":[{"href":"https:\/\/linitiative.ca\/International\/wp-json\/wp\/v2\/posts"}],"about":[{"href":"https:\/\/linitiative.ca\/International\/wp-json\/wp\/v2\/types\/post"}],"author":[{"embeddable":true,"href":"https:\/\/linitiative.ca\/International\/wp-json\/wp\/v2\/users\/1969"}],"replies":[{"embeddable":true,"href":"https:\/\/linitiative.ca\/International\/wp-json\/wp\/v2\/comments?post=115007"}],"version-history":[{"count":0,"href":"https:\/\/linitiative.ca\/International\/wp-json\/wp\/v2\/posts\/115007\/revisions"}],"wp:attachment":[{"href":"https:\/\/linitiative.ca\/International\/wp-json\/wp\/v2\/media?parent=115007"}],"wp:term":[{"taxonomy":"category","embeddable":true,"href":"https:\/\/linitiative.ca\/International\/wp-json\/wp\/v2\/categories?post=115007"},{"taxonomy":"post_tag","embeddable":true,"href":"https:\/\/linitiative.ca\/International\/wp-json\/wp\/v2\/tags?post=115007"}],"curies":[{"name":"wp","href":"https:\/\/api.w.org\/{rel}","templated":true}]}}