{"id":115009,"date":"2021-04-15T09:11:57","date_gmt":"2021-04-15T13:11:57","guid":{"rendered":"https:\/\/linitiative.ca\/International\/larrivee-du-supermarche-laltrium-a-bertoua-augure-une-rude-concurrence-dans-la-grande-distribution\/"},"modified":"2021-04-15T09:11:57","modified_gmt":"2021-04-15T13:11:57","slug":"larrivee-du-supermarche-laltrium-a-bertoua-augure-une-rude-concurrence-dans-la-grande-distribution","status":"publish","type":"post","link":"https:\/\/linitiative.ca\/International\/larrivee-du-supermarche-laltrium-a-bertoua-augure-une-rude-concurrence-dans-la-grande-distribution\/","title":{"rendered":"L\u2019arriv\u00e9e du supermarch\u00e9 L\u2019Altrium \u00e0 Bertoua augure une rude concurrence dans la grande distribution"},"content":{"rendered":"<div class=\"featured-area featured-area-inner\">\n<figure class=\"single-featured-image\">\n<p><img loading=\"lazy\" decoding=\"async\" width=\"780\" height=\"470\" src=\"https:\/\/ecomatin.net\/wp-content\/uploads\/2021\/04\/SPAR-780x470.jpg\" class=\"attachment-jannah-image-post size-jannah-image-post wp-post-image\" alt=\"\" is_main_img=\"1\"\/><\/p><figcaption class=\"single-caption-text\">La concurrence sera rude<\/figcaption><\/figure>\n<\/div>\n<div class=\"entry-content entry clearfix\" readability=\"60.627306273063\">\n<p>L\u2019implantation du supermarch\u00e9 Spar dans la ville de Bertoua, capitale de la r\u00e9gion de l\u2019Est est imminente. Ceci \u00e0 la faveur d\u2019une convention sign\u00e9e le 1er avril 2021 \u00e0 Douala entre le maire de la ville de Bertoua, Jean Marie Dimb\u00e9l\u00e9 Sod\u00e9a et Rakesh Panjabi, directeur g\u00e9n\u00e9ral de Spar Cameroon, promoteur des supermarch\u00e9s l\u2019Altrium. D\u2019apr\u00e8s cette convention, Spar va investir plus de 1,5 milliard de FCFA pour la construction du supermarch\u00e9 l\u2019Atrium \u00e0 Bertoua. Les travaux de construction de ce complexe vont se d\u00e9rouler sur une espace commerciale d\u2019environ 1300 m2 situ\u00e9e \u00e0 l\u2019ancienne gare routi\u00e8re de la ville de Bertoua. Pour le moment, les commer\u00e7ants qui occupaient cet espace ont \u00e9t\u00e9 d\u00e9guerpis par la Communaut\u00e9 urbaine de Bertoua et l\u2019espace s\u00e9curis\u00e9 en attendant l\u2019implantation du chantier d\u2019ici juin 2021. Le chantier va durer un an.<\/p>\n<p><strong>Lire aussi<\/strong> : <strong><a href=\"https:\/\/ecomatin.net\/la-commune-de-bertoua-1er-realise-son-budget-2020-a-6103\/\">La commune de Bertoua 1er r\u00e9alise son budget 2020 \u00e0 61,03%<\/a><\/strong><\/p>\n<p>Par ailleurs, cet investissement va cr\u00e9er plus de 100 emplois directs dont 50% des postes seront r\u00e9serv\u00e9s aux ressortissants de la r\u00e9gion de l\u2019Est. Il va aussi participer \u00e0 l\u2019embellissement de la ville actuellement en chantier avec les projets d\u2019am\u00e9nagement de la voirie urbaine et les infrastructures socio\u00e9conomiques dans le cadre du programme C2D en cours d\u2019ex\u00e9cution, financ\u00e9 par l\u2019Agence fran\u00e7aise de d\u00e9veloppement (l\u2019AFD).<\/p>\n<p><strong>Concurrence<\/strong><\/p>\n<p>L\u2019expansion de Spar Cameroon avec la cr\u00e9ation imminente du supermarch\u00e9 l\u2019Atrium \u00e0 Bertoua va ainsi ouvrir les portes \u00e0 une rude concurrence dans la distribution des produits alimentaires dans la ville de Bertoua voire dans la r\u00e9gion de l\u2019Est. En effet, depuis de longues dates, des grandes surfaces de distribution des produits alimentaires se sont install\u00e9es dans la ville de Bertoua avec des agences dans les chefs lieu des d\u00e9partements de la r\u00e9gion et les villes frontali\u00e8res notamment Garoua-Boula\u00ef et Kentzou. Dans ces localit\u00e9s frontali\u00e8res, les distributeurs misent d\u2019avantage sur les clients en provenance de la RCA et du Congo Brazzaville. Parmi les entreprises pr\u00e9sentent sur le terrain on peut citer, les Ets Nziko \u00e9tablis juste apr\u00e8s les ind\u00e9pendances\u00a0; SOACAM bas\u00e9 \u00e0 Bertoua et \u00e0 Garoua-Boula\u00ef\u00a0; SOANEG\u00a0; les boulangeries Mire Dor\u00e9e et Pain d\u2019or ou encore Famille Boutique entre outres. Il y aura donc une rude bataille pour la conqu\u00eate du march\u00e9 avec Spar. Cependant, l\u2019arriv\u00e9e imminente de la multinationale Spar Cameroon sur le terrain sera \u00e9galement un avantage pour les consommateurs qui pourront b\u00e9n\u00e9ficier des prix favorables vue l\u2019exp\u00e9rience de cette entreprise et le volume d\u2019investissements projet\u00e9.<\/p>\n<p><strong>Martin Foula<\/strong><\/p>\n<\/div>\n<p>Auteur: EcoMatin<br \/>\n<a href=\"https:\/\/ecomatin.net\/grande-distribution-vers-une-concurrence-des-elephantss-a-lest\/\">Cliquez ici pour lire l&rsquo;article depuis sa source.<\/a><\/p>\n","protected":false},"excerpt":{"rendered":"<p>La concurrence sera rude L\u2019implantation du supermarch\u00e9 Spar dans la ville de Bertoua, capitale de la r\u00e9gion de l\u2019Est est imminente. Ceci \u00e0 la faveur d\u2019une convention sign\u00e9e le 1er avril 2021 \u00e0 Douala entre le maire de la ville de Bertoua, Jean Marie Dimb\u00e9l\u00e9 Sod\u00e9a et Rakesh Panjabi, directeur g\u00e9n\u00e9ral de Spar Cameroon, promoteur [&hellip;]<\/p>\n","protected":false},"author":1969,"featured_media":0,"comment_status":"closed","ping_status":"closed","sticky":false,"template":"","format":"standard","meta":{"fifu_image_url":"https:\/\/ecomatin.net\/wp-content\/uploads\/2021\/04\/SPAR-780x470.jpg","fifu_image_alt":"L\u2019arriv\u00e9e du supermarch\u00e9 L\u2019Altrium \u00e0 Bertoua augure une rude concurrence dans la grande distribution","footnotes":""},"categories":[82,78],"tags":[],"class_list":["post-115009","post","type-post","status-publish","format-standard","hentry","category-cameroun","category-economie"],"_links":{"self":[{"href":"https:\/\/linitiative.ca\/International\/wp-json\/wp\/v2\/posts\/115009","targetHints":{"allow":["GET"]}}],"collection":[{"href":"https:\/\/linitiative.ca\/International\/wp-json\/wp\/v2\/posts"}],"about":[{"href":"https:\/\/linitiative.ca\/International\/wp-json\/wp\/v2\/types\/post"}],"author":[{"embeddable":true,"href":"https:\/\/linitiative.ca\/International\/wp-json\/wp\/v2\/users\/1969"}],"replies":[{"embeddable":true,"href":"https:\/\/linitiative.ca\/International\/wp-json\/wp\/v2\/comments?post=115009"}],"version-history":[{"count":0,"href":"https:\/\/linitiative.ca\/International\/wp-json\/wp\/v2\/posts\/115009\/revisions"}],"wp:attachment":[{"href":"https:\/\/linitiative.ca\/International\/wp-json\/wp\/v2\/media?parent=115009"}],"wp:term":[{"taxonomy":"category","embeddable":true,"href":"https:\/\/linitiative.ca\/International\/wp-json\/wp\/v2\/categories?post=115009"},{"taxonomy":"post_tag","embeddable":true,"href":"https:\/\/linitiative.ca\/International\/wp-json\/wp\/v2\/tags?post=115009"}],"curies":[{"name":"wp","href":"https:\/\/api.w.org\/{rel}","templated":true}]}}