{"id":115010,"date":"2021-04-16T10:00:40","date_gmt":"2021-04-16T14:00:40","guid":{"rendered":"https:\/\/linitiative.ca\/International\/agriculteurs-lassurance-maladie-arrive\/"},"modified":"2021-04-16T10:00:40","modified_gmt":"2021-04-16T14:00:40","slug":"agriculteurs-lassurance-maladie-arrive","status":"publish","type":"post","link":"https:\/\/linitiative.ca\/International\/agriculteurs-lassurance-maladie-arrive\/","title":{"rendered":"Agriculteurs : L\u2019assurance-maladie arrive !"},"content":{"rendered":"<figure class=\"post-thumbnail\" itemprop=\"associatedMedia\" itemscope=\"itemscope\" itemtype=\"http:\/\/schema.org\/ImageObject\"><img decoding=\"async\" class=\"post_layout_5_img\" src=\"http:\/\/aujourdhui.ma\/wp-content\/uploads\/2021\/04\/Signature-dune-convention-cadre-relative-a-la-generalisation-de-lAMO-pour-cette-categorie-socioprofessionnelle.jpg\" alt=\"Agriculteurs : L\u2019assurance-maladie arrive !\"\/><\/figure>\n<p><span class=\"c7\"><strong>Signature d\u2019une convention-cadre relative \u00e0 la g\u00e9n\u00e9ralisation de l\u2019AMO pour cette cat\u00e9gorie socioprofessionnelle<\/strong><\/span><span id=\"more-374002\"\/><\/p>\n<p>Tous les agriculteurs bient\u00f4t couverts. En effet, une convention-cadre relative \u00e0 la g\u00e9n\u00e9ralisation de l\u2019assurance- maladie obligatoire (AMO) de base aux agriculteurs vient d\u2019\u00eatre sign\u00e9e devant SM le Roi Mohammed VI. Une convention qui instaure un cadre fixant les obligations des parties pour en faire b\u00e9n\u00e9ficier pr\u00e8s de 1,6 million d\u2019agriculteurs et leurs familles. La convention a \u00e9t\u00e9 sign\u00e9e par Abdelouafi Laftit, ministre de l\u2019Int\u00e9rieur, Mohamed Benchaaboun, ministre de l\u2019\u00e9conomie, des finances et de la r\u00e9forme de l\u2019administration, Aziz Akhannouch, ministre de l\u2019Agriculture, de la p\u00eache maritime, du d\u00e9veloppement rural et des eaux et for\u00eats.<\/p>\n<p>Elle a \u00e9t\u00e9 \u00e9galement sign\u00e9e par Khalid Ait Taleb, ministre de la sant\u00e9, Mohamed Amekraz, ministre du travail et de l\u2019insertion professionnelle, Chakib Alj, pr\u00e9sident de la CGEM, Lahbib Bentaleb, pr\u00e9sident de la F\u00e9d\u00e9ration des chambres d\u2019agriculture et Mohamed Ammouri, pr\u00e9sident de la Conf\u00e9d\u00e9ration marocaine de l\u2019agriculture et du d\u00e9veloppement rural. Conform\u00e9ment \u00e0 l\u2019article 2 de la convention, l\u2019\u00c9tat s\u2019engage \u00e0 mettre en place les m\u00e9canismes n\u00e9cessaires pour la mise en \u0153uvre effective de l\u2019AMO en faveur des agriculteurs et \u00e0 prendre les mesures de port\u00e9e l\u00e9gislative et institutionnelle permettant la mise en \u0153uvre de l\u2019AMO pour les cat\u00e9gories professionnelles susmentionn\u00e9es. Il est question \u00e9galement de d\u00e9velopper les aspects de la gestion ainsi que ceux relatifs \u00e0 la gouvernance de la CNSS en vue d\u2019accompagner la mise en \u0153uvre de ce chantier et de r\u00e9former et mettre \u00e0 niveau le syst\u00e8me de sant\u00e9 national pour assurer des prestations de qualit\u00e9 aux assur\u00e9s et leurs familles.<\/p>\n<p>L\u2019Etat s\u2019engage, en outre, \u00e0 assurer des services et un panier de soins similaires \u00e0 ceux b\u00e9n\u00e9ficiant aux salari\u00e9s du secteur priv\u00e9 dans le cadre de l\u2019AMO de base et \u00e0 simplifier et faciliter les proc\u00e9dures de recouvrement des contributions des agriculteurs dans le cadre de l\u2019AMO de base. Entreprendre des initiatives de sensibilisation aux niveaux national, r\u00e9gional et local pour clarifier l\u2019ensemble des aspects li\u00e9s au r\u00e9gime de l\u2019AMO de base sans oublier le soutien des initiatives de la F\u00e9d\u00e9ration et de la Conf\u00e9d\u00e9ration visant \u00e0 sensibiliser et accompagner les agriculteurs pour adh\u00e9rer au r\u00e9gime figurent \u00e9galement dans la liste des engagements \u00e9tatiques.<\/p>\n<p>De son c\u00f4t\u00e9, la F\u00e9d\u00e9ration et la Conf\u00e9d\u00e9ration s\u2019engagent pour leur part aux termes de l\u2019article 3 \u00e0 mettre en \u0153uvre les dispositions de la convention, notamment en ce qui concerne l\u2019encouragement des agriculteurs \u00e0 adh\u00e9rer \u00e0 l\u2019AMO \u00e0 travers des campagnes de communication et de sensibilisation pour leur expliquer les dispositions du r\u00e9gime et ses m\u00e9canismes. Elles s\u2019engagent en outre \u00e0 encadrer tous les professionnels du secteur agricole en vue de g\u00e9n\u00e9raliser l\u2019AMO au profit de l\u2019ensemble des travailleurs agricoles et prendre toutes les mesures n\u00e9cessaires pour faciliter l\u2019adh\u00e9sion de ces cat\u00e9gories au r\u00e9gime de l\u2019AMO.<\/p>\n<p>Il faut pr\u00e9ciser enfin que le suivi de la mise en \u0153uvre des dispositions de cette convention sera assur\u00e9 \u00e0 travers le m\u00e9canisme de pilotage institu\u00e9 par la loi-cadre n\u00b0 09.21 relative \u00e0 la protection sociale, lequel sera mis sur pied en vertu d\u2019un texte r\u00e9glementaire.<\/p>\n<p>Auteur: ALM<br \/>\n<a href=\"https:\/\/aujourdhui.ma\/societe\/agriculteurs-lassurance-maladie-arrive\">Cliquez ici pour lire l&rsquo;article depuis sa source.<\/a><\/p>\n","protected":false},"excerpt":{"rendered":"<p>Signature d\u2019une convention-cadre relative \u00e0 la g\u00e9n\u00e9ralisation de l\u2019AMO pour cette cat\u00e9gorie socioprofessionnelle Tous les agriculteurs bient\u00f4t couverts. En effet, une convention-cadre relative \u00e0 la g\u00e9n\u00e9ralisation de l\u2019assurance- maladie obligatoire (AMO) de base aux agriculteurs vient d\u2019\u00eatre sign\u00e9e devant SM le Roi Mohammed VI. Une convention qui instaure un cadre fixant les obligations des parties [&hellip;]<\/p>\n","protected":false},"author":1759,"featured_media":0,"comment_status":"closed","ping_status":"closed","sticky":false,"template":"","format":"standard","meta":{"fifu_image_url":"http:\/\/aujourdhui.ma\/wp-content\/uploads\/2021\/04\/Signature-dune-convention-cadre-relative-a-la-generalisation-de-lAMO-pour-cette-categorie-socioprofessionnelle.jpg","fifu_image_alt":"Agriculteurs : L\u2019assurance-maladie arrive !","footnotes":""},"categories":[73,54],"tags":[],"class_list":["post-115010","post","type-post","status-publish","format-standard","hentry","category-actualite","category-maroc"],"_links":{"self":[{"href":"https:\/\/linitiative.ca\/International\/wp-json\/wp\/v2\/posts\/115010","targetHints":{"allow":["GET"]}}],"collection":[{"href":"https:\/\/linitiative.ca\/International\/wp-json\/wp\/v2\/posts"}],"about":[{"href":"https:\/\/linitiative.ca\/International\/wp-json\/wp\/v2\/types\/post"}],"author":[{"embeddable":true,"href":"https:\/\/linitiative.ca\/International\/wp-json\/wp\/v2\/users\/1759"}],"replies":[{"embeddable":true,"href":"https:\/\/linitiative.ca\/International\/wp-json\/wp\/v2\/comments?post=115010"}],"version-history":[{"count":0,"href":"https:\/\/linitiative.ca\/International\/wp-json\/wp\/v2\/posts\/115010\/revisions"}],"wp:attachment":[{"href":"https:\/\/linitiative.ca\/International\/wp-json\/wp\/v2\/media?parent=115010"}],"wp:term":[{"taxonomy":"category","embeddable":true,"href":"https:\/\/linitiative.ca\/International\/wp-json\/wp\/v2\/categories?post=115010"},{"taxonomy":"post_tag","embeddable":true,"href":"https:\/\/linitiative.ca\/International\/wp-json\/wp\/v2\/tags?post=115010"}],"curies":[{"name":"wp","href":"https:\/\/api.w.org\/{rel}","templated":true}]}}