{"id":115013,"date":"2021-04-16T11:00:48","date_gmt":"2021-04-16T15:00:48","guid":{"rendered":"https:\/\/linitiative.ca\/International\/au-cours-de-2021-et-2022-amo-22-millions-de-beneficiaires-supplementaires\/"},"modified":"2021-04-16T11:00:48","modified_gmt":"2021-04-16T15:00:48","slug":"au-cours-de-2021-et-2022-amo-22-millions-de-beneficiaires-supplementaires","status":"publish","type":"post","link":"https:\/\/linitiative.ca\/International\/au-cours-de-2021-et-2022-amo-22-millions-de-beneficiaires-supplementaires\/","title":{"rendered":"Au cours de 2021 et 2022 \/ AMO : 22 millions de b\u00e9n\u00e9ficiaires suppl\u00e9mentaires"},"content":{"rendered":"<figure class=\"post-thumbnail\" itemprop=\"associatedMedia\" itemscope=\"itemscope\" itemtype=\"http:\/\/schema.org\/ImageObject\"><img decoding=\"async\" class=\"post_layout_5_img\" src=\"http:\/\/aujourdhui.ma\/wp-content\/uploads\/2018\/03\/AMO-CNSS-Medecin.jpg\" alt=\"Au cours de 2021 et 2022 \/ AMO : 22 millions de b\u00e9n\u00e9ficiaires suppl\u00e9mentaires\"\/><\/figure>\n<p><span class=\"c7\"><strong>La couverture m\u00e9dicale universelle plus que jamais proche. En effet, la g\u00e9n\u00e9ralisation de l\u2019assurance-maladie obligatoire (AMO) va b\u00e9n\u00e9ficier au cours des deux prochaines ann\u00e9es \u00e0 des millions de personnes.<\/strong><\/span> <span id=\"more-374015\"\/><\/p>\n<p>Selon le gouvernement, environ 3 millions d\u2019adh\u00e9rents, commer\u00e7ants, prestataires de services ind\u00e9pendants, artisans, professionnels d\u2019artisanat et agriculteurs, en plus de leurs familles, b\u00e9n\u00e9ficieront de<br \/>l\u2019assurance-maladie obligatoire de base, soit un nombre total de b\u00e9n\u00e9ficiaires de pr\u00e8s de 9 millions de citoyens, ce qui repr\u00e9sente environ 83% des personnes cibl\u00e9es des cat\u00e9gories de professionnels, de travailleurs ind\u00e9pendants et de non-salari\u00e9s exer\u00e7ant une activit\u00e9 priv\u00e9e. Dans ce sens, le ministre de l\u2019\u00e9conomie, des finances et de la r\u00e9forme de l\u2019administration a tenu \u00e0 souligner que les conventions relatives aux cat\u00e9gories restantes, notamment les professionnels du transport et les professionnels ind\u00e9pendants (ing\u00e9nieurs, m\u00e9decins, avocats,\u2026) seront sign\u00e9es dans les prochaines semaines.<\/p>\n<p>\u00abAinsi, 11 millions de citoyens ind\u00e9pendants et leurs familles b\u00e9n\u00e9ficieront de l\u2019assurance-maladie obligatoire de base en 2021\u00bb, a affirm\u00e9 le ministre, notant que toutes les mesures seront \u00e9galement prises pour permettre aux 11 millions de citoyens pauvres et fragiles actuellement impliqu\u00e9s dans le syst\u00e8me d\u2019assistance m\u00e9dicale Ramed de commencer \u00e0 b\u00e9n\u00e9ficier de l\u2019assurance-maladie obligatoire de base \u00e0 partir de 2022.<\/p>\n<p>Ainsi, environ 22 millions de b\u00e9n\u00e9ficiaires suppl\u00e9mentaires pourront, au cours des ann\u00e9es 2021 et 2022, \u00eatre assur\u00e9s contre la maladie, avec le m\u00eame panier de traitements couverts par la Caisse nationale de s\u00e9curit\u00e9 sociale pour les travailleurs du secteur priv\u00e9, ainsi que l\u2019acc\u00e8s aux services fournis par les secteurs priv\u00e9 et public, a-t-il conclu.<\/p>\n<p>Auteur: ALM<br \/>\n<a href=\"https:\/\/aujourdhui.ma\/societe\/au-cours-de-2021-et-2022-amo-22-millions-de-beneficiaires-supplementaires\">Cliquez ici pour lire l&rsquo;article depuis sa source.<\/a><\/p>\n","protected":false},"excerpt":{"rendered":"<p>La couverture m\u00e9dicale universelle plus que jamais proche. En effet, la g\u00e9n\u00e9ralisation de l\u2019assurance-maladie obligatoire (AMO) va b\u00e9n\u00e9ficier au cours des deux prochaines ann\u00e9es \u00e0 des millions de personnes. Selon le gouvernement, environ 3 millions d\u2019adh\u00e9rents, commer\u00e7ants, prestataires de services ind\u00e9pendants, artisans, professionnels d\u2019artisanat et agriculteurs, en plus de leurs familles, b\u00e9n\u00e9ficieront del\u2019assurance-maladie obligatoire de [&hellip;]<\/p>\n","protected":false},"author":1759,"featured_media":0,"comment_status":"closed","ping_status":"closed","sticky":false,"template":"","format":"standard","meta":{"fifu_image_url":"http:\/\/aujourdhui.ma\/wp-content\/uploads\/2018\/03\/AMO-CNSS-Medecin.jpg","fifu_image_alt":"Au cours de 2021 et 2022 \/ AMO : 22 millions de b\u00e9n\u00e9ficiaires suppl\u00e9mentaires","footnotes":""},"categories":[73,54],"tags":[],"class_list":["post-115013","post","type-post","status-publish","format-standard","hentry","category-actualite","category-maroc"],"_links":{"self":[{"href":"https:\/\/linitiative.ca\/International\/wp-json\/wp\/v2\/posts\/115013","targetHints":{"allow":["GET"]}}],"collection":[{"href":"https:\/\/linitiative.ca\/International\/wp-json\/wp\/v2\/posts"}],"about":[{"href":"https:\/\/linitiative.ca\/International\/wp-json\/wp\/v2\/types\/post"}],"author":[{"embeddable":true,"href":"https:\/\/linitiative.ca\/International\/wp-json\/wp\/v2\/users\/1759"}],"replies":[{"embeddable":true,"href":"https:\/\/linitiative.ca\/International\/wp-json\/wp\/v2\/comments?post=115013"}],"version-history":[{"count":0,"href":"https:\/\/linitiative.ca\/International\/wp-json\/wp\/v2\/posts\/115013\/revisions"}],"wp:attachment":[{"href":"https:\/\/linitiative.ca\/International\/wp-json\/wp\/v2\/media?parent=115013"}],"wp:term":[{"taxonomy":"category","embeddable":true,"href":"https:\/\/linitiative.ca\/International\/wp-json\/wp\/v2\/categories?post=115013"},{"taxonomy":"post_tag","embeddable":true,"href":"https:\/\/linitiative.ca\/International\/wp-json\/wp\/v2\/tags?post=115013"}],"curies":[{"name":"wp","href":"https:\/\/api.w.org\/{rel}","templated":true}]}}