{"id":115014,"date":"2021-04-16T11:34:57","date_gmt":"2021-04-16T15:34:57","guid":{"rendered":"https:\/\/linitiative.ca\/International\/sale-un-veilleur-de-nuit-tue-par-5-membres-de-la-meme-famille\/"},"modified":"2021-04-16T11:34:57","modified_gmt":"2021-04-16T15:34:57","slug":"sale-un-veilleur-de-nuit-tue-par-5-membres-de-la-meme-famille","status":"publish","type":"post","link":"https:\/\/linitiative.ca\/International\/sale-un-veilleur-de-nuit-tue-par-5-membres-de-la-meme-famille\/","title":{"rendered":"Sal\u00e9 : Un veilleur de nuit tu\u00e9 par 5 membres de la m\u00eame famille"},"content":{"rendered":"<header>\n<\/header>\n<div class=\"entry-content clearfix\" readability=\"52\">\n<figure class=\"post-thumbnail\" itemprop=\"associatedMedia\" itemscope=\"itemscope\" itemtype=\"http:\/\/schema.org\/ImageObject\"><img decoding=\"async\" class=\"post_layout_5_img\" src=\"http:\/\/aujourdhui.ma\/wp-content\/uploads\/2017\/07\/couteau-crime-tueur.jpg\" alt=\"Sal\u00e9 : Un veilleur de nuit tu\u00e9 par 5 membres de la m\u00eame famille\"\/><\/figure>\n<p><span class=\"c7\"><strong>Impliqu\u00e9s dans une affaire de meurtre, cinq suspects, tous membres de la m\u00eame famille, demeurant au quartier Tabriquet \u00e0 Sal\u00e9 ont \u00e9t\u00e9 arr\u00eat\u00e9s, par les \u00e9l\u00e9ments de la police judiciaire relevant du district de la s\u00fbret\u00e9 de Bettana-Tabriquet.<\/strong><\/span> <span id=\"more-374037\"\/><\/p>\n<p>L\u2019affaire remonte au dimanche 11 avril quand un malentendu a eu lieu, au boulevard Abderrahim Bou\u00e2bid, entre un veilleur de nuit et un jeune homme demeurant au quartier Al Inbi\u00e2t. Malheureusement, ce malentendu s\u2019est d\u00e9g\u00e9n\u00e9r\u00e9 en bagarre entre les deux. Ainsi, les membres de la famille du jeune homme dont son p\u00e8re sont venus le soutenir. Un soutien qui a fini dans le sang puisque le veilleur de nuit a \u00e9t\u00e9 violemment maltrait\u00e9 au point qu\u2019il a \u00e9t\u00e9 \u00e9vacu\u00e9, dans un \u00e9tat de sant\u00e9 lamentable, vers le service des urgences de l\u2019h\u00f4pital Avicenne. Toutefois, il a rendu l\u2019\u00e2me deux jours plus tard. Les cinq membres de cette famille ont \u00e9t\u00e9 maintenus en garde \u00e0 vue avant d\u2019\u00eatre traduits, mercredi 14 avril, devant le parquet g\u00e9n\u00e9ral pr\u00e8s la Cour d\u2019appel de Rabat.<\/p>\n<\/div>\n<p>Auteur: Abderrafii ALOUMLIKI<br \/>\n<a href=\"https:\/\/aujourdhui.ma\/faits-divers\/sale-un-veilleur-de-nuit-tue-par-5-membres-de-la-meme-famille\">Cliquez ici pour lire l&rsquo;article depuis sa source.<\/a><\/p>\n","protected":false},"excerpt":{"rendered":"<p>Impliqu\u00e9s dans une affaire de meurtre, cinq suspects, tous membres de la m\u00eame famille, demeurant au quartier Tabriquet \u00e0 Sal\u00e9 ont \u00e9t\u00e9 arr\u00eat\u00e9s, par les \u00e9l\u00e9ments de la police judiciaire relevant du district de la s\u00fbret\u00e9 de Bettana-Tabriquet. L\u2019affaire remonte au dimanche 11 avril quand un malentendu a eu lieu, au boulevard Abderrahim Bou\u00e2bid, entre [&hellip;]<\/p>\n","protected":false},"author":1759,"featured_media":0,"comment_status":"closed","ping_status":"closed","sticky":false,"template":"","format":"standard","meta":{"fifu_image_url":"http:\/\/aujourdhui.ma\/wp-content\/uploads\/2017\/07\/couteau-crime-tueur.jpg","fifu_image_alt":"Sal\u00e9 : Un veilleur de nuit tu\u00e9 par 5 membres de la m\u00eame famille","footnotes":""},"categories":[73,54],"tags":[],"class_list":["post-115014","post","type-post","status-publish","format-standard","hentry","category-actualite","category-maroc"],"_links":{"self":[{"href":"https:\/\/linitiative.ca\/International\/wp-json\/wp\/v2\/posts\/115014","targetHints":{"allow":["GET"]}}],"collection":[{"href":"https:\/\/linitiative.ca\/International\/wp-json\/wp\/v2\/posts"}],"about":[{"href":"https:\/\/linitiative.ca\/International\/wp-json\/wp\/v2\/types\/post"}],"author":[{"embeddable":true,"href":"https:\/\/linitiative.ca\/International\/wp-json\/wp\/v2\/users\/1759"}],"replies":[{"embeddable":true,"href":"https:\/\/linitiative.ca\/International\/wp-json\/wp\/v2\/comments?post=115014"}],"version-history":[{"count":0,"href":"https:\/\/linitiative.ca\/International\/wp-json\/wp\/v2\/posts\/115014\/revisions"}],"wp:attachment":[{"href":"https:\/\/linitiative.ca\/International\/wp-json\/wp\/v2\/media?parent=115014"}],"wp:term":[{"taxonomy":"category","embeddable":true,"href":"https:\/\/linitiative.ca\/International\/wp-json\/wp\/v2\/categories?post=115014"},{"taxonomy":"post_tag","embeddable":true,"href":"https:\/\/linitiative.ca\/International\/wp-json\/wp\/v2\/tags?post=115014"}],"curies":[{"name":"wp","href":"https:\/\/api.w.org\/{rel}","templated":true}]}}