{"id":115015,"date":"2021-04-15T14:00:55","date_gmt":"2021-04-15T18:00:55","guid":{"rendered":"https:\/\/linitiative.ca\/International\/%ef%bb%bftrilogie-marocaine-1950-2020-au-musee-national-de-madrid\/"},"modified":"2021-04-15T14:00:55","modified_gmt":"2021-04-15T18:00:55","slug":"%ef%bb%bftrilogie-marocaine-1950-2020-au-musee-national-de-madrid","status":"publish","type":"post","link":"https:\/\/linitiative.ca\/International\/%ef%bb%bftrilogie-marocaine-1950-2020-au-musee-national-de-madrid\/","title":{"rendered":"\ufeff\u00abTrilogie Marocaine 1950-2020\u00bb au mus\u00e9e national de Madrid"},"content":{"rendered":"<p class=\"has-text-color has-vivid-cyan-blue-color c1\"><strong>Premi\u00e8re exposition d\u2019art contemporain marocain en Espagne<\/strong><\/p>\n<p><strong>Le mus\u00e9e National Reina Sof\u00eda \u00e0 Madrid pr\u00e9sente pour la premi\u00e8re fois une exposition d\u2019art contemporain marocain intitul\u00e9e \u00ab\u00a0Trilogie Marocaine 1950-2020\u00a0\u00bb, et ce du 31 mars au 27 septembre 2021.<\/strong><\/p>\n<p>Plus de 200 \u0153uvres d\u2019artistes contemporains des sept derni\u00e8res d\u00e9cennies constituent le parcours chronologique de l\u2019exposition, qui a pour ambition de permettre au public espagnol de mieux connaitre la vivacit\u00e9 et l\u2019inventivit\u00e9 de la sc\u00e8ne artistique marocaine, indique lundi un communiqu\u00e9 de la Fondation nationale des mus\u00e9es (FNM).<\/p>\n<p>Cette exposition est organis\u00e9e dans le cadre du programme de coop\u00e9ration culturelle entre le Maroc et l\u2019Espagne dans le domaine des mus\u00e9es, par la FNM, le minist\u00e8re espagnol de la Culture et des sports et le Mus\u00e9e national Reina Sofia, selon la m\u00eame source, faisant savoir que le choix curatorial a \u00e9t\u00e9 exclusivement fait et assur\u00e9 par le directeur du mus\u00e9e d\u2019art, Manuel Borja Villel, qui a choisi comme co-commissaire Abdellah Karroum.<\/p>\n<p>Plusieurs manifestations culturelles seront organis\u00e9es au Maroc et en Espagne dans le cadre du m\u00e9morandum d\u2019entente sign\u00e9 le 13 f\u00e9vrier 2019 devant les deux Souverains, Sa Majest\u00e9 le Roi Mohammed VI et Sa Majest\u00e9 le Roi Felipe VI, entre la Fondation nationale des mus\u00e9es (FNM) et le minist\u00e8re espagnol de la Culture et des sports, sur la coop\u00e9ration culturelle et mus\u00e9ale, poursuit le communiqu\u00e9, notant que cette entente, qui est l\u2019affirmation d\u2019une histoire commune et fraternelle, contribuera au renforcement de l\u2019amiti\u00e9 historique entre les deux peuples.<\/p>\n<p>L\u2019exposition \u00ab\u00a0Trilogie Marocaine 1950-2020\u00a0\u00bb connait aujourd\u2019hui un succ\u00e8s m\u00e9diatique en Espagne. \u00ab\u00a0\u2026Magnifique r\u00e9trospective d\u2019Art Moderne Marocain, r\u00e9sultat de la collaboration @museoreinasofia et @FNMusees\u2026\u00a0\u00bb, a tweet\u00e9 la ministre espagnole des Affaires \u00e9trang\u00e8res, Arancha Gonz\u00e1lez, apr\u00e8s sa visite \u00e0 l\u2019exposition.<\/p>\n<p>Une seconde exposition \u00ab\u00a0Autour des colonnes d\u2019Hercule\u00a0\u00bb, pr\u00e9vue en 2022 et organis\u00e9e par la FNM et le mus\u00e9e National d\u2019Arch\u00e9ologie \u00e0 Madrid, pr\u00e9sentera la relation historique entre ces deux pays de la M\u00e9diterran\u00e9e, dont les influences communes et les rapports sont remarquables sur les diff\u00e9rentes collections arch\u00e9ologiques, conclut le communiqu\u00e9.<\/p>\n<p>Auteur: M&rsquo;hammed rahal<br \/>\n<a href=\"http:\/\/albayane.press.ma\/%EF%BB%BFtrilogie-marocaine-1950-2020-au-musee-national-de-madrid.html\">Cliquez ici pour lire l&rsquo;article depuis sa source.<\/a><\/p>\n","protected":false},"excerpt":{"rendered":"<p>Premi\u00e8re exposition d\u2019art contemporain marocain en Espagne Le mus\u00e9e National Reina Sof\u00eda \u00e0 Madrid pr\u00e9sente pour la premi\u00e8re fois une exposition d\u2019art contemporain marocain intitul\u00e9e \u00ab\u00a0Trilogie Marocaine 1950-2020\u00a0\u00bb, et ce du 31 mars au 27 septembre 2021. Plus de 200 \u0153uvres d\u2019artistes contemporains des sept derni\u00e8res d\u00e9cennies constituent le parcours chronologique de l\u2019exposition, qui a [&hellip;]<\/p>\n","protected":false},"author":1760,"featured_media":0,"comment_status":"closed","ping_status":"closed","sticky":false,"template":"","format":"standard","meta":{"fifu_image_url":"","fifu_image_alt":"","footnotes":""},"categories":[73,54],"tags":[],"class_list":["post-115015","post","type-post","status-publish","format-standard","hentry","category-actualite","category-maroc"],"_links":{"self":[{"href":"https:\/\/linitiative.ca\/International\/wp-json\/wp\/v2\/posts\/115015","targetHints":{"allow":["GET"]}}],"collection":[{"href":"https:\/\/linitiative.ca\/International\/wp-json\/wp\/v2\/posts"}],"about":[{"href":"https:\/\/linitiative.ca\/International\/wp-json\/wp\/v2\/types\/post"}],"author":[{"embeddable":true,"href":"https:\/\/linitiative.ca\/International\/wp-json\/wp\/v2\/users\/1760"}],"replies":[{"embeddable":true,"href":"https:\/\/linitiative.ca\/International\/wp-json\/wp\/v2\/comments?post=115015"}],"version-history":[{"count":0,"href":"https:\/\/linitiative.ca\/International\/wp-json\/wp\/v2\/posts\/115015\/revisions"}],"wp:attachment":[{"href":"https:\/\/linitiative.ca\/International\/wp-json\/wp\/v2\/media?parent=115015"}],"wp:term":[{"taxonomy":"category","embeddable":true,"href":"https:\/\/linitiative.ca\/International\/wp-json\/wp\/v2\/categories?post=115015"},{"taxonomy":"post_tag","embeddable":true,"href":"https:\/\/linitiative.ca\/International\/wp-json\/wp\/v2\/tags?post=115015"}],"curies":[{"name":"wp","href":"https:\/\/api.w.org\/{rel}","templated":true}]}}