{"id":115016,"date":"2021-04-15T14:00:57","date_gmt":"2021-04-15T18:00:57","guid":{"rendered":"https:\/\/linitiative.ca\/International\/%ef%bb%bfle-fmi-appelle-leurope-a-un-nouvel-effort-budgetaire\/"},"modified":"2021-04-15T14:00:57","modified_gmt":"2021-04-15T18:00:57","slug":"%ef%bb%bfle-fmi-appelle-leurope-a-un-nouvel-effort-budgetaire","status":"publish","type":"post","link":"https:\/\/linitiative.ca\/International\/%ef%bb%bfle-fmi-appelle-leurope-a-un-nouvel-effort-budgetaire\/","title":{"rendered":"\ufeffLe FMI appelle l\u2019Europe \u00e0 un nouvel effort budg\u00e9taire"},"content":{"rendered":"<p class=\"has-text-color has-vivid-cyan-blue-color c1\"><strong>Pour surmonter la crise<\/strong><\/p>\n<p><strong>Le directeur Europe du Fonds mon\u00e9taire international, Alfred Kammer, a appel\u00e9 mercredi les pays europ\u00e9ens \u00e0 donner \u00ab\u00a0un coup de collier\u00a0\u00bb en fournissant plus d\u2019aide budg\u00e9taire en 2021 et 2022 pour surmonter la crise et r\u00e9duire son impact \u00e0 long terme.<\/strong><\/p>\n<p>Pour l\u2019heure, l\u2019\u00e9conomie europ\u00e9enne est confront\u00e9e \u00e0 plus de \u00ab\u00a0risques \u00e0 la baisse \u00e0 court terme\u00a0\u00bb que de chances d\u2019am\u00e9lioration en raison des mutations du Covid-19 et du retard pris dans la campagne de vaccination, a soulign\u00e9 le FMI \u00e0 l\u2019occasion de la publication de son rapport r\u00e9gional dans le cadre de ses r\u00e9unions de printemps.<\/p>\n<p>\u00ab\u00a0Refl\u00e9tant les vagues d\u2019infection et le rythme des vaccinations, la reprise \u00e9conomique en Europe est toujours h\u00e9sitante et in\u00e9gale\u00a0\u00bb, a r\u00e9sum\u00e9 Alfred Kammer.<\/p>\n<p>\u00ab\u00a0Pour fin 2021 et 2022, nous sugg\u00e9rons un coup de collier suppl\u00e9mentaire (\u2026) parce que, in fine, c\u2019est ce qui va d\u00e9terminer si nous parviendrons \u00e0 limiter les pertes de PIB, si celles-ci seront plus importantes ou moins importantes que ce que nous projetons\u00a0\u00bb, a-t-il dit au cours d\u2019un entretien avec l\u2019AFP.<\/p>\n<p>Un effort \u00ab\u00a0concert\u00e9\u00a0\u00bb sera \u00ab\u00a0\u00e9norm\u00e9ment b\u00e9n\u00e9fique pour tout le monde\u00a0\u00bb, a-t-il argu\u00e9, relevant que l\u2019Europe disposait encore d\u2019un espace budg\u00e9taire si elle \u00e9tait confront\u00e9e \u00e0 de nouveaux chocs.<\/p>\n<p>Le FMI table sur une croissance de 4,5% cette ann\u00e9e en Europe. Mais la croissance du PIB europ\u00e9en ne reviendra pas \u00e0 son niveau d\u2019avant pand\u00e9mie avant 2022 et \u00e0 condition que les vaccins \u00ab\u00a0soient largement disponibles \u00e0 l\u2019\u00e9t\u00e9 2021 et tout au long de 2022\u00a0\u00bb, a soulign\u00e9 M. Kammer, mettant en avant la grande incertitude entourant ces pr\u00e9visions.<\/p>\n<p>Acc\u00e9l\u00e9rer la production et la distribution des vaccins \u00ab\u00a0est le d\u00e9fi le plus critique \u00e0 ce stade\u00a0\u00bb et \u00ab\u00a0les d\u00e9cideurs politiques doivent continuer \u00e0 fournir une aide d\u2019urgence pour soutenir les m\u00e9nages et les entreprises\u00a0\u00bb, estime ainsi l\u2019institution de Washington.<\/p>\n<p>Pour autant, \u00ab\u00a0il ne s\u2019agit pas d\u2019un appel \u00e0 augmenter les d\u00e9penses de mani\u00e8re (\u2026) permanente mais d\u2019un coup de pouce bien cibl\u00e9 et temporaire\u00a0\u00bb, a comment\u00e9 Alfred Kammer.<\/p>\n<p>Les pays doivent stimuler la reprise par des investissements \u00ab\u00a0verts\u00a0\u00bb pour g\u00e9n\u00e9rer une croissance durable et respectueuse de l\u2019environnement.<\/p>\n<p>\u00ab\u00a0En ce qui concerne la restructuration de l\u2019\u00e9conomie, nous ne savons pas combien de temps cela va prendre\u00a0\u00bb, a admis Alfred Kammer. \u00ab\u00a0Ce que nous savons, c\u2019est que le soutien budg\u00e9taire doit se poursuivre en 2021 et 2022\u00a0\u00bb.<br \/>Il a jug\u00e9 le plan de relance de l\u2019UE \u00ab\u00a0suffisant \u00e0 ce stade\u00a0\u00bb, \u00e0 condition qu\u2019il soit effectivement mis en oeuvre.<\/p>\n<p>\u00ab\u00a0Le plus t\u00f4t sera le mieux\u00a0\u00bb, a-t-il dit. \u00ab\u00a0De nouveaux retards dans sa mise en oeuvre doivent \u00eatre \u00e9vit\u00e9s\u00a0\u00bb, a-t-il ajout\u00e9 alors que ce plan pourrait apporter 1,5% de croissance suppl\u00e9mentaire d\u2019ici 2023.<\/p>\n<p>Pour l\u2019heure, les pays de l\u2019UE n\u2019ont pas encore tous ratifi\u00e9 ce fonds de relance de 750 milliards d\u2019euros, financ\u00e9 par une dette commune in\u00e9dite et laborieusement n\u00e9goci\u00e9e l\u2019\u00e9t\u00e9 dernier. La justice allemande menace de bloquer cet instrument en raison de doutes sur sa l\u00e9galit\u00e9.<\/p>\n<p>Alfred Kammer a toutefois soulign\u00e9 qu\u2019il \u00e9tait \u00ab\u00a0important\u00a0\u00bb que les pays se donnent du temps pour \u00e9laborer de bons projets.<\/p>\n<p>Le FMI a calcul\u00e9 qu\u2019un soutien suppl\u00e9mentaire, repr\u00e9sentant 3% du PIB sur 2021-22, pourrait augmenter le PIB d\u2019environ 2% d\u2019ici la fin de 2022. A moyen terme, les effets de la crise seraient r\u00e9duits \u00ab\u00a0de plus de la moiti\u00e9\u00a0\u00bb, a-t-il expliqu\u00e9.<\/p>\n<p>En d\u2019autres termes, plus la reprise sera rapide, moins les effets de la crise seront durables.<\/p>\n<p>Le Fonds est particuli\u00e8rement inquiet de la possibilit\u00e9 que des personnes ayant perdu leur emploi au cours de la pand\u00e9mie n\u2019en retrouvent pas \u00e0 l\u2019avenir.<\/p>\n<p>\u00ab\u00a0Il est important de travailler sur la coh\u00e9sion sociale et le contrat social\u00a0\u00bb, a d\u00e9clar\u00e9 \u00e0 l\u2019AFP Alfred Kammer, rappelant que la crise avait exacerb\u00e9 les in\u00e9galit\u00e9s et touch\u00e9 plus durement les jeunes, les femmes et les personnes peu qualifi\u00e9es. S\u2019agissant des jeunes, il est n\u00e9cessaire \u00ab\u00a0de leur administrer une dose \u00e9quitable d\u2019opportunit\u00e9s et de les pr\u00e9parer \u00e0 ces opportunit\u00e9s\u00a0\u00bb.<br \/>Si ces probl\u00e9matiques n\u2019\u00e9taient pas adress\u00e9es, les pays pourraient s\u2019exposer \u00e0 des troubles sociaux, estime le FMI.<\/p>\n<p>Auteur: M&rsquo;hammed rahal<br \/>\n<a href=\"http:\/\/albayane.press.ma\/%EF%BB%BFle-fmi-appelle-leurope-a-un-nouvel-effort-budgetaire.html\">Cliquez ici pour lire l&rsquo;article depuis sa source.<\/a><\/p>\n","protected":false},"excerpt":{"rendered":"<p>Pour surmonter la crise Le directeur Europe du Fonds mon\u00e9taire international, Alfred Kammer, a appel\u00e9 mercredi les pays europ\u00e9ens \u00e0 donner \u00ab\u00a0un coup de collier\u00a0\u00bb en fournissant plus d\u2019aide budg\u00e9taire en 2021 et 2022 pour surmonter la crise et r\u00e9duire son impact \u00e0 long terme. Pour l\u2019heure, l\u2019\u00e9conomie europ\u00e9enne est confront\u00e9e \u00e0 plus de \u00ab\u00a0risques [&hellip;]<\/p>\n","protected":false},"author":1760,"featured_media":0,"comment_status":"closed","ping_status":"closed","sticky":false,"template":"","format":"standard","meta":{"fifu_image_url":"","fifu_image_alt":"","footnotes":""},"categories":[73,54],"tags":[],"class_list":["post-115016","post","type-post","status-publish","format-standard","hentry","category-actualite","category-maroc"],"_links":{"self":[{"href":"https:\/\/linitiative.ca\/International\/wp-json\/wp\/v2\/posts\/115016","targetHints":{"allow":["GET"]}}],"collection":[{"href":"https:\/\/linitiative.ca\/International\/wp-json\/wp\/v2\/posts"}],"about":[{"href":"https:\/\/linitiative.ca\/International\/wp-json\/wp\/v2\/types\/post"}],"author":[{"embeddable":true,"href":"https:\/\/linitiative.ca\/International\/wp-json\/wp\/v2\/users\/1760"}],"replies":[{"embeddable":true,"href":"https:\/\/linitiative.ca\/International\/wp-json\/wp\/v2\/comments?post=115016"}],"version-history":[{"count":0,"href":"https:\/\/linitiative.ca\/International\/wp-json\/wp\/v2\/posts\/115016\/revisions"}],"wp:attachment":[{"href":"https:\/\/linitiative.ca\/International\/wp-json\/wp\/v2\/media?parent=115016"}],"wp:term":[{"taxonomy":"category","embeddable":true,"href":"https:\/\/linitiative.ca\/International\/wp-json\/wp\/v2\/categories?post=115016"},{"taxonomy":"post_tag","embeddable":true,"href":"https:\/\/linitiative.ca\/International\/wp-json\/wp\/v2\/tags?post=115016"}],"curies":[{"name":"wp","href":"https:\/\/api.w.org\/{rel}","templated":true}]}}