{"id":115018,"date":"2021-04-15T14:00:59","date_gmt":"2021-04-15T18:00:59","guid":{"rendered":"https:\/\/linitiative.ca\/International\/%ef%bb%bfle-pps-appelle-le-gouvernement-a-soutenir-les-couches-impactees-par-les-mesures-de-restrictions\/"},"modified":"2021-04-15T14:00:59","modified_gmt":"2021-04-15T18:00:59","slug":"%ef%bb%bfle-pps-appelle-le-gouvernement-a-soutenir-les-couches-impactees-par-les-mesures-de-restrictions","status":"publish","type":"post","link":"https:\/\/linitiative.ca\/International\/%ef%bb%bfle-pps-appelle-le-gouvernement-a-soutenir-les-couches-impactees-par-les-mesures-de-restrictions\/","title":{"rendered":"\ufeffLe PPS appelle le gouvernement \u00e0 soutenir les couches impact\u00e9es par les mesures de restrictions"},"content":{"rendered":"<p class=\"has-text-color has-vivid-cyan-blue-color c1\"><strong>Communiqu\u00e9 du bureau politique du Mardi 13 Avril 2021<\/strong><\/p>\n<p class=\"has-text-color has-vivid-red-color\"><strong>\u2026 r\u00e9affirme la place capitale que doit occuper l\u2019\u00e9cole publique de qualit\u00e9<\/strong><\/p>\n<p class=\"has-text-color has-vivid-red-color\"><strong>\u2026 insiste sur l\u2019imp\u00e9ratif du dialogue et d\u2019\u00e9coute face aux revendications sociales<\/strong><\/p>\n<p class=\"has-text-color has-vivid-cyan-blue-color\"><strong>Le PPS appelle le gouvernement \u00e0 prendre des mesures concr\u00e8tes en faveur des travailleurs des secteurs et m\u00e9tiers touch\u00e9s par l\u2019impact de la pand\u00e9mie<\/strong><\/p>\n<p><strong>Le bureau politique du Parti du Progr\u00e8s et du Socialisme a tenu, mardi 13 Avril 2012, sa r\u00e9union hebdomadaire, au d\u00e9but de laquelle il a pr\u00e9sent\u00e9 \u00e0 Sa Majest\u00e9 le Roi et \u00e0 tous les membres de la famille Royale ainsi qu\u2019\u00e0 l\u2019ensemble du peuple marocain et \u00e0 toutes les militantes et tous militants du parti, ses f\u00e9licitations les plus sinc\u00e8res \u00e0 l\u2019occasion de l\u2019av\u00e8nement du mois de sacr\u00e9 de Ramadan.<\/strong><\/p>\n<p>A l\u2019entame de ses travaux, le bureau politique a pris note des mesures pr\u00e9ventives prises par le gouvernement en rapport avec l\u2019\u00e9tat d\u2019urgence durant le mois de Ramadan. Il a \u00e9galement soulign\u00e9 la n\u00e9cessit\u00e9 pour le gouvernement de prendre des mesures et des dispositions concr\u00e8tes pour permettre \u00e0 des milliers de citoyennes et citoyens, en particulier dans les secteurs des services comme les caf\u00e9s, les restaurants, les traiteurs et autres m\u00e9tiers afin de faire face aux d\u00e9penses et charge de la vie durant ce mois b\u00e9ni, compte tenu du fait qu\u2019ils seront dans l\u2019impossibilit\u00e9 d\u2019exercer leurs activit\u00e9s de mani\u00e8re habituelle.<\/p>\n<p>Sur un autre plan, le bureau politique a abord\u00e9 la situation dans le secteur de l\u2019enseignement public, en relation avec les revendications exprim\u00e9es de la part de certaines cat\u00e9gories du personnel de l\u2019\u00e9ducation et la formation. Il a pass\u00e9 en revue \u00e0 cette occasion les conclusions principales de la conf\u00e9rence \u00e0 distance, organis\u00e9 par le parti samedi dernier, autour du th\u00e8me : \u00ab les m\u00e9tiers de l\u2019\u00e9ducation et de la formation et les d\u00e9fis de la r\u00e9forme \u00bb, exprimant sa fiert\u00e9 \u00e0 l\u2019\u00e9gard de la contribution pertinente des repr\u00e9sentants de diff\u00e9rentes cat\u00e9gories des femmes et des hommes de l\u2019\u00e9ducation et de la formation \u00e0 ses travaux.<\/p>\n<p>A ce propos, le bureau politique r\u00e9affirme la place capitale que doit occuper l\u2019\u00e9cole publique de qualit\u00e9 dispensant un enseignement et une formation utiles dans le syst\u00e8me national de l\u2019\u00e9ducation et de la formation, outre l\u2019int\u00e9r\u00eat particulier qui doit \u00eatre accord\u00e9 aux ressources humaines agissant dans ce secteur vital par rapport \u00e0 l\u2019avenir de notre pays et de notre peuple.<\/p>\n<p>En rapport avec ce sujet, le bureau politique du Parti du Progr\u00e8s et du Socialisme insiste sur l\u2019imp\u00e9ratif pour le gouvernement d\u2019opter pour la voie du dialogue et de l\u2019\u00e9coute des repr\u00e9sentants des diff\u00e9rentes cat\u00e9gories, de s\u2019\u00e9loigner de toutes les pratiques provocatrices, rigides et violentes et d\u2019\u0153uvrer inlassablement pour trouver les solutions appropri\u00e9es aux revendications l\u00e9gitimes exprim\u00e9es, sur la base de l\u2019\u00e9galit\u00e9 r\u00e9elle des chances, \u00a0des droits et des devoirs entre les diff\u00e9rentes cat\u00e9gories du personnel de l\u2019enseignement.<\/p>\n<p>Le bureau politique a \u00e9galement insist\u00e9 sur la n\u00e9cessit\u00e9 de prendre toutes les dispositions en mesure d\u2019assurer la continuit\u00e9 et la fin de l\u2019ann\u00e9e scolaire actuelle dans de bonnes conditions et de prot\u00e9ger le temps scolaire de la d\u00e9perdition dans l\u2019int\u00e9r\u00eat des g\u00e9n\u00e9rations montantes et de l\u2019avenir du pays.<\/p>\n<p>Au niveau de la vie interne du parti, le bureau politique a pris connaissance d\u2019une s\u00e9rie de rapports concernant divers domaines d\u2019activit\u00e9 du parti, relatifs notamment \u00e0 la poursuite des pr\u00e9paratifs des \u00e9ch\u00e9ances \u00e9lectorales prochaines, les progr\u00e8s r\u00e9alis\u00e9s en mati\u00e8re d\u2019\u00e9laboration des programmes \u00e9lectoraux aux plans national et local et le programme d\u2019action des diff\u00e9rentes structures du parti, au cours du mois sacr\u00e9 de Ramadan. A ce sujet, le bureau politique a pris toutes les mesures n\u00e9cessaires au bon d\u00e9roulement et au succ\u00e8s de ces activit\u00e9s.<\/p>\n<p>Auteur: M&rsquo;hammed rahal<br \/>\n<a href=\"http:\/\/albayane.press.ma\/%EF%BB%BFle-pps-appelle-le-gouvernement-a-soutenir-les-couches-impactees-par-les-mesures-de-restrictions.html\">Cliquez ici pour lire l&rsquo;article depuis sa source.<\/a><\/p>\n","protected":false},"excerpt":{"rendered":"<p>Communiqu\u00e9 du bureau politique du Mardi 13 Avril 2021 \u2026 r\u00e9affirme la place capitale que doit occuper l\u2019\u00e9cole publique de qualit\u00e9 \u2026 insiste sur l\u2019imp\u00e9ratif du dialogue et d\u2019\u00e9coute face aux revendications sociales Le PPS appelle le gouvernement \u00e0 prendre des mesures concr\u00e8tes en faveur des travailleurs des secteurs et m\u00e9tiers touch\u00e9s par l\u2019impact de [&hellip;]<\/p>\n","protected":false},"author":1760,"featured_media":0,"comment_status":"closed","ping_status":"closed","sticky":false,"template":"","format":"standard","meta":{"fifu_image_url":"","fifu_image_alt":"","footnotes":""},"categories":[73,54],"tags":[],"class_list":["post-115018","post","type-post","status-publish","format-standard","hentry","category-actualite","category-maroc"],"_links":{"self":[{"href":"https:\/\/linitiative.ca\/International\/wp-json\/wp\/v2\/posts\/115018","targetHints":{"allow":["GET"]}}],"collection":[{"href":"https:\/\/linitiative.ca\/International\/wp-json\/wp\/v2\/posts"}],"about":[{"href":"https:\/\/linitiative.ca\/International\/wp-json\/wp\/v2\/types\/post"}],"author":[{"embeddable":true,"href":"https:\/\/linitiative.ca\/International\/wp-json\/wp\/v2\/users\/1760"}],"replies":[{"embeddable":true,"href":"https:\/\/linitiative.ca\/International\/wp-json\/wp\/v2\/comments?post=115018"}],"version-history":[{"count":0,"href":"https:\/\/linitiative.ca\/International\/wp-json\/wp\/v2\/posts\/115018\/revisions"}],"wp:attachment":[{"href":"https:\/\/linitiative.ca\/International\/wp-json\/wp\/v2\/media?parent=115018"}],"wp:term":[{"taxonomy":"category","embeddable":true,"href":"https:\/\/linitiative.ca\/International\/wp-json\/wp\/v2\/categories?post=115018"},{"taxonomy":"post_tag","embeddable":true,"href":"https:\/\/linitiative.ca\/International\/wp-json\/wp\/v2\/tags?post=115018"}],"curies":[{"name":"wp","href":"https:\/\/api.w.org\/{rel}","templated":true}]}}