{"id":115019,"date":"2021-04-15T14:00:59","date_gmt":"2021-04-15T18:00:59","guid":{"rendered":"https:\/\/linitiative.ca\/International\/%ef%bb%bfmise-en-oeuvre-effective-de-lamo\/"},"modified":"2021-04-15T14:00:59","modified_gmt":"2021-04-15T18:00:59","slug":"%ef%bb%bfmise-en-oeuvre-effective-de-lamo","status":"publish","type":"post","link":"https:\/\/linitiative.ca\/International\/%ef%bb%bfmise-en-oeuvre-effective-de-lamo\/","title":{"rendered":"\ufeffMise en \u0153uvre effective de l\u2019AMO"},"content":{"rendered":"<p class=\"has-text-color has-vivid-cyan-blue-color c1\"><strong>Professonnels et ind\u00e9pendants<\/strong><\/p>\n<p><strong>La convention-cadre relative \u00e0 la g\u00e9n\u00e9ralisation de l\u2019Assurance maladie obligatoire de base en faveur des commer\u00e7ants, des artisans, des professionnels et des prestataires ind\u00e9pendants, sign\u00e9e mercredi devant Sa Majest\u00e9 le Roi Mohammed VI, instaure les m\u00e9canismes appropri\u00e9s pour une mise en \u0153uvre effective de ce syst\u00e8me.<\/strong><\/p>\n<p>Cette convention intervient en application des Hautes orientations royales contenues dans les deux discours \u00e0 l\u2019occasion de la f\u00eate du tr\u00f4ne et de l\u2019ouverture de l\u2019ann\u00e9e l\u00e9gislative 2020, appelant \u00e0 la g\u00e9n\u00e9ralisation de la protection sociale pour tous les Marocains.<\/p>\n<p>Elle vise \u00e0 mettre en place un cadre pour d\u00e9finir les engagements des parties signataires en termes de g\u00e9n\u00e9ralisation de l\u2019AMO de base au profit des b\u00e9n\u00e9ficiaires, soumis au r\u00e9gime de la contribution professionnelle unique, au r\u00e9gime d\u2019autoentrepreneur ou au syst\u00e8me de comptabilit\u00e9, qui profitera \u00e0 pr\u00e8s de 800.000 adh\u00e9rents, tout en permettant aux familles d\u2019en b\u00e9n\u00e9ficier.<\/p>\n<p>La convention a \u00e9t\u00e9 sign\u00e9e par MM. Abdelouafi Laftit, ministre de l\u2019Int\u00e9rieur, Mohamed Benchaaboun, ministre de l\u2019Economie, des Finances et de la R\u00e9forme de l\u2019Administration, Khalid Ait Taleb, ministre de la Sant\u00e9, Moulay Hafid Elalamy, ministre de l\u2019Industrie, du commerce et de l\u2019\u00e9conomie verte et num\u00e9rique, Mme Nadia Fettah Alaoui, ministre du Tourisme, de l\u2019Artisanat, du Transport A\u00e9rien et de l\u2019Economie sociale.<\/p>\n<p>Elle a \u00e9t\u00e9 \u00e9galement sign\u00e9e par MM. Mohamed Amekraz, ministre du travail et de l\u2019insertion professionnelle, Chakib Alj, pr\u00e9sident de la Conf\u00e9d\u00e9ration g\u00e9n\u00e9rale des entreprises du Maroc (CGEM), Houcine Alioua, 1er vice-pr\u00e9sident de la F\u00e9d\u00e9ration des Chambres de Commerce, de l\u2019Industrie et de services, et Sidati Chaggaf, pr\u00e9sident de la F\u00e9d\u00e9ration des Chambres d\u2019artisanat.<\/p>\n<p>En effet, l\u2019Etat s\u2019engage \u00e0 prendre toutes les mesures \u00e0 caract\u00e8re l\u00e9gislatif et institutionnel \u00e0 m\u00eame de mettre en \u0153uvre l\u2019AMO au profit des b\u00e9n\u00e9ficiaires, d\u00e9velopper les aspects li\u00e9s \u00e0 la gestion et ceux relatifs \u00e0 la gouvernance de la CNSS afin d\u2019accompagner le lancement de cette assurance maladie et de mettre \u00e0 niveau le syst\u00e8me national de Sant\u00e9.<\/p>\n<p>Il s\u2019engage aussi \u00e0 fournir des services et un panier de soins similaires \u00e0 ceux dont b\u00e9n\u00e9ficient les employ\u00e9s du secteur priv\u00e9 dans le cadre de l\u2019AMO de base, ainsi qu\u2019\u00e0 \u00e9tablir les m\u00e9canismes n\u00e9cessaires au transfert des cotisations au titre des redevances compl\u00e9mentaires pr\u00e9vues par la loi de finances 2021 pour les b\u00e9n\u00e9ficiaires.<\/p>\n<p>Il sera en outre question de mener des initiatives de sensibilisation pour expliquer tous les aspects li\u00e9s \u00e0 l\u2019AMO, de soutenir les initiatives de la f\u00e9d\u00e9ration et de la coordination visant \u00e0 sensibiliser et \u00e0 accompagner les b\u00e9n\u00e9ficiaires pour s\u2019inscrire \u00e0 l\u2019Assurance maladie et au r\u00e9gime de contribution professionnelle unique (CPU).<\/p>\n<p>En contrepartie, la F\u00e9d\u00e9ration des chambres marocaines de commerce, d\u2019industrie et de services et la F\u00e9d\u00e9ration des chambres d\u2019artisanat s\u2019engagent \u00e0 encourager les b\u00e9n\u00e9ficiaires \u00e0 adh\u00e9rer \u00e0 la CPU et \u00e0 l\u2019AMO, en apportant le soutien logistique n\u00e9cessaire \u00e0 l\u2019accompagnement des b\u00e9n\u00e9ficiaires et en prenant les mesures n\u00e9cessaires devant faciliter une large adh\u00e9sion \u00e0 ces syst\u00e8mes.<\/p>\n<p>Il s\u2019agit aussi d\u2019organiser des campagnes de sensibilisation et communication pour mettre en \u00e9vidence les avantages de la CPU et de l\u2019AMO, ainsi que des sessions de formation en faveur des b\u00e9n\u00e9ficiaires.<\/p>\n<p>Auteur: M&rsquo;hammed rahal<br \/>\n<a href=\"http:\/\/albayane.press.ma\/%EF%BB%BFmise-en-oeuvre-effective-de-lamo.html\">Cliquez ici pour lire l&rsquo;article depuis sa source.<\/a><\/p>\n","protected":false},"excerpt":{"rendered":"<p>Professonnels et ind\u00e9pendants La convention-cadre relative \u00e0 la g\u00e9n\u00e9ralisation de l\u2019Assurance maladie obligatoire de base en faveur des commer\u00e7ants, des artisans, des professionnels et des prestataires ind\u00e9pendants, sign\u00e9e mercredi devant Sa Majest\u00e9 le Roi Mohammed VI, instaure les m\u00e9canismes appropri\u00e9s pour une mise en \u0153uvre effective de ce syst\u00e8me. Cette convention intervient en application des [&hellip;]<\/p>\n","protected":false},"author":1760,"featured_media":0,"comment_status":"closed","ping_status":"closed","sticky":false,"template":"","format":"standard","meta":{"fifu_image_url":"","fifu_image_alt":"","footnotes":""},"categories":[73,54],"tags":[],"class_list":["post-115019","post","type-post","status-publish","format-standard","hentry","category-actualite","category-maroc"],"_links":{"self":[{"href":"https:\/\/linitiative.ca\/International\/wp-json\/wp\/v2\/posts\/115019","targetHints":{"allow":["GET"]}}],"collection":[{"href":"https:\/\/linitiative.ca\/International\/wp-json\/wp\/v2\/posts"}],"about":[{"href":"https:\/\/linitiative.ca\/International\/wp-json\/wp\/v2\/types\/post"}],"author":[{"embeddable":true,"href":"https:\/\/linitiative.ca\/International\/wp-json\/wp\/v2\/users\/1760"}],"replies":[{"embeddable":true,"href":"https:\/\/linitiative.ca\/International\/wp-json\/wp\/v2\/comments?post=115019"}],"version-history":[{"count":0,"href":"https:\/\/linitiative.ca\/International\/wp-json\/wp\/v2\/posts\/115019\/revisions"}],"wp:attachment":[{"href":"https:\/\/linitiative.ca\/International\/wp-json\/wp\/v2\/media?parent=115019"}],"wp:term":[{"taxonomy":"category","embeddable":true,"href":"https:\/\/linitiative.ca\/International\/wp-json\/wp\/v2\/categories?post=115019"},{"taxonomy":"post_tag","embeddable":true,"href":"https:\/\/linitiative.ca\/International\/wp-json\/wp\/v2\/tags?post=115019"}],"curies":[{"name":"wp","href":"https:\/\/api.w.org\/{rel}","templated":true}]}}