{"id":115020,"date":"2021-04-16T05:51:02","date_gmt":"2021-04-16T09:51:02","guid":{"rendered":"https:\/\/linitiative.ca\/International\/la-cour-dappel-prononce-un-non-lieu-en-faveur-de-khaled-fakhfakh\/"},"modified":"2021-04-16T05:51:02","modified_gmt":"2021-04-16T09:51:02","slug":"la-cour-dappel-prononce-un-non-lieu-en-faveur-de-khaled-fakhfakh","status":"publish","type":"post","link":"https:\/\/linitiative.ca\/International\/la-cour-dappel-prononce-un-non-lieu-en-faveur-de-khaled-fakhfakh\/","title":{"rendered":"La Cour d\u2019Appel prononce un non lieu en faveur de Khaled Fakhfakh"},"content":{"rendered":"<p class=\"c1\">La Cour d\u2019Appel de Tunis vient de prononcer ce jeudi 15 avril \u00a02021 son verdict dans la fameuse affaire de l\u2019ancien pr\u00e9sident de la\u00a0F\u00e9d\u00e9ration tunisienne de l\u2019h\u00f4tellerie Khaled Fakhfakh.<\/p>\n<p class=\"c1\">Elle a d\u00e9cid\u00e9 son acquittement contrairement \u00e0 la d\u00e9cision du tribunal de premi\u00e8re instance, qui l\u2019a condamn\u00e9 en juillet 2020 \u00e0 8 mois de prison ferme pour l\u2019affaire du communiqu\u00e9 de presse publi\u00e9 sur la page Facebook de la FTH \u00a0et qui concernait Thomas Cook et Condor.<\/p>\n<div class=\"wp-post-author-wrap wp-post-author-shortcode left\">\n<h3 class=\"awpa-title\"\/>\n<div class=\"wp-post-author\">\n<div class=\"awpa-img awpa-author-block square\"><a href=\"http:\/\/lexpertjournal.net\/fr\/?author=5\"><img loading=\"lazy\" decoding=\"async\" alt=\"\" src=\"http:\/\/0.gravatar.com\/avatar\/97f8e10a1c1125ba104a76514ee07b16?s=150&amp;d=mm&amp;r=g\" srcset=\"http:\/\/0.gravatar.com\/avatar\/97f8e10a1c1125ba104a76514ee07b16?s=300&amp;d=mm&amp;r=g 2x\" class=\"avatar avatar-150 photo\" height=\"150\" width=\"150\"\/><\/a><\/div>\n<\/div>\n<\/div>\n<aside class=\"mashsb-container mashsb-main mashsb-stretched\">\n<\/aside>\n<p>Auteur: L&rsquo;expert<br \/>\n<a href=\"http:\/\/lexpertjournal.net\/fr\/?p=19672\">Cliquez ici pour lire l&rsquo;article depuis sa source.<\/a><\/p>\n","protected":false},"excerpt":{"rendered":"<p>La Cour d\u2019Appel de Tunis vient de prononcer ce jeudi 15 avril \u00a02021 son verdict dans la fameuse affaire de l\u2019ancien pr\u00e9sident de la\u00a0F\u00e9d\u00e9ration tunisienne de l\u2019h\u00f4tellerie Khaled Fakhfakh. Elle a d\u00e9cid\u00e9 son acquittement contrairement \u00e0 la d\u00e9cision du tribunal de premi\u00e8re instance, qui l\u2019a condamn\u00e9 en juillet 2020 \u00e0 8 mois de prison ferme [&hellip;]<\/p>\n","protected":false},"author":1775,"featured_media":0,"comment_status":"closed","ping_status":"closed","sticky":false,"template":"","format":"standard","meta":{"fifu_image_url":"http:\/\/0.gravatar.com\/avatar\/97f8e10a1c1125ba104a76514ee07b16?s=150&d=mm&r=g","fifu_image_alt":"La Cour d\u2019Appel prononce un non lieu en faveur de Khaled Fakhfakh","footnotes":""},"categories":[78,55],"tags":[],"class_list":["post-115020","post","type-post","status-publish","format-standard","hentry","category-economie","category-tunisie"],"_links":{"self":[{"href":"https:\/\/linitiative.ca\/International\/wp-json\/wp\/v2\/posts\/115020","targetHints":{"allow":["GET"]}}],"collection":[{"href":"https:\/\/linitiative.ca\/International\/wp-json\/wp\/v2\/posts"}],"about":[{"href":"https:\/\/linitiative.ca\/International\/wp-json\/wp\/v2\/types\/post"}],"author":[{"embeddable":true,"href":"https:\/\/linitiative.ca\/International\/wp-json\/wp\/v2\/users\/1775"}],"replies":[{"embeddable":true,"href":"https:\/\/linitiative.ca\/International\/wp-json\/wp\/v2\/comments?post=115020"}],"version-history":[{"count":0,"href":"https:\/\/linitiative.ca\/International\/wp-json\/wp\/v2\/posts\/115020\/revisions"}],"wp:attachment":[{"href":"https:\/\/linitiative.ca\/International\/wp-json\/wp\/v2\/media?parent=115020"}],"wp:term":[{"taxonomy":"category","embeddable":true,"href":"https:\/\/linitiative.ca\/International\/wp-json\/wp\/v2\/categories?post=115020"},{"taxonomy":"post_tag","embeddable":true,"href":"https:\/\/linitiative.ca\/International\/wp-json\/wp\/v2\/tags?post=115020"}],"curies":[{"name":"wp","href":"https:\/\/api.w.org\/{rel}","templated":true}]}}