{"id":115022,"date":"2021-04-15T12:30:00","date_gmt":"2021-04-15T16:30:00","guid":{"rendered":"https:\/\/linitiative.ca\/International\/videograndiose-manifestation-malgre-le-jeune-et-la-pluie\/"},"modified":"2021-04-15T12:30:00","modified_gmt":"2021-04-15T16:30:00","slug":"videograndiose-manifestation-malgre-le-jeune-et-la-pluie","status":"publish","type":"post","link":"https:\/\/linitiative.ca\/International\/videograndiose-manifestation-malgre-le-jeune-et-la-pluie\/","title":{"rendered":"[Vid\u00e9o]Grandiose manifestation malgr\u00e9 le je\u00fbne et la pluie"},"content":{"rendered":"<div id=\"originalText\" readability=\"38\">\n<p class=\"c6\">Plusieurs manifestants ont brav\u00e9 la pluie pour d\u00e9filer dans les rues Alger-Centre, en ce premier \u00ab\u00a0hirak\u00a0\u00bb du Ramadhan. Comme dans plusieurs wilayas du pays, la pluie et le je\u00fbne n\u2019ont pas d\u00e9courag\u00e9 les milliers de manifestants \u00e0\u00a0battre le\u00a0pav\u00e9 en cette 113e marche du vendredi, pour un changement d\u00e9mocratique.<\/p>\n<p><iframe loading=\"lazy\" allow=\"accelerometer; autoplay; clipboard-write; encrypted-media; gyroscope; picture-in-picture\" allowfullscreen=\"allowfullscreen\" frameborder=\"0\" height=\"315\" src=\"https:\/\/www.youtube.com\/embed\/hyYGZjSyTVw\" title=\"YouTube video player\" width=\"560\">[embedded content]<\/iframe><\/p>\n<\/div>\n<div id=\"text_core\" readability=\"38\">\n<p class=\"c6\">Plusieurs manifestants ont brav\u00e9 la pluie pour d\u00e9filer dans les rues Alger-Centre, en ce premier \u00ab\u00a0hirak\u00a0\u00bb du Ramadhan. Comme dans plusieurs wilayas du pays, la pluie et le je\u00fbne n\u2019ont pas d\u00e9courag\u00e9 les milliers de manifestants \u00e0\u00a0battre le\u00a0pav\u00e9 en cette 113e marche du vendredi, pour un changement d\u00e9mocratique.<\/p>\n<p><iframe loading=\"lazy\" allow=\"accelerometer; autoplay; clipboard-write; encrypted-media; gyroscope; picture-in-picture\" allowfullscreen=\"allowfullscreen\" frameborder=\"0\" height=\"315\" src=\"https:\/\/www.youtube.com\/embed\/hyYGZjSyTVw\" title=\"YouTube video player\" width=\"560\">[embedded content]<\/iframe><\/p>\n<\/div>\n<p>Auteur:<br \/>\n<a href=\"https:\/\/www.liberte-algerie.com\/actualite\/video-grandiose-manifestation-malgre-le-jeune-et-la-pluie-357300\">Cliquez ici pour lire l&rsquo;article depuis sa source.<\/a><\/p>\n","protected":false},"excerpt":{"rendered":"<p>Plusieurs manifestants ont brav\u00e9 la pluie pour d\u00e9filer dans les rues Alger-Centre, en ce premier \u00ab\u00a0hirak\u00a0\u00bb du Ramadhan. Comme dans plusieurs wilayas du pays, la pluie et le je\u00fbne n\u2019ont pas d\u00e9courag\u00e9 les milliers de manifestants \u00e0\u00a0battre le\u00a0pav\u00e9 en cette 113e marche du vendredi, pour un changement d\u00e9mocratique. [embedded content] Plusieurs manifestants ont brav\u00e9 la [&hellip;]<\/p>\n","protected":false},"author":1742,"featured_media":0,"comment_status":"closed","ping_status":"closed","sticky":false,"template":"","format":"standard","meta":{"fifu_image_url":"","fifu_image_alt":"","footnotes":""},"categories":[73,53],"tags":[],"class_list":["post-115022","post","type-post","status-publish","format-standard","hentry","category-actualite","category-algerie"],"_links":{"self":[{"href":"https:\/\/linitiative.ca\/International\/wp-json\/wp\/v2\/posts\/115022","targetHints":{"allow":["GET"]}}],"collection":[{"href":"https:\/\/linitiative.ca\/International\/wp-json\/wp\/v2\/posts"}],"about":[{"href":"https:\/\/linitiative.ca\/International\/wp-json\/wp\/v2\/types\/post"}],"author":[{"embeddable":true,"href":"https:\/\/linitiative.ca\/International\/wp-json\/wp\/v2\/users\/1742"}],"replies":[{"embeddable":true,"href":"https:\/\/linitiative.ca\/International\/wp-json\/wp\/v2\/comments?post=115022"}],"version-history":[{"count":0,"href":"https:\/\/linitiative.ca\/International\/wp-json\/wp\/v2\/posts\/115022\/revisions"}],"wp:attachment":[{"href":"https:\/\/linitiative.ca\/International\/wp-json\/wp\/v2\/media?parent=115022"}],"wp:term":[{"taxonomy":"category","embeddable":true,"href":"https:\/\/linitiative.ca\/International\/wp-json\/wp\/v2\/categories?post=115022"},{"taxonomy":"post_tag","embeddable":true,"href":"https:\/\/linitiative.ca\/International\/wp-json\/wp\/v2\/tags?post=115022"}],"curies":[{"name":"wp","href":"https:\/\/api.w.org\/{rel}","templated":true}]}}