{"id":115025,"date":"2021-04-16T08:37:39","date_gmt":"2021-04-16T12:37:39","guid":{"rendered":"https:\/\/linitiative.ca\/International\/distribution-de-repas-au-profit-des-demunis-par-des-acteurs-associatifs\/"},"modified":"2021-04-16T08:37:39","modified_gmt":"2021-04-16T12:37:39","slug":"distribution-de-repas-au-profit-des-demunis-par-des-acteurs-associatifs","status":"publish","type":"post","link":"https:\/\/linitiative.ca\/International\/distribution-de-repas-au-profit-des-demunis-par-des-acteurs-associatifs\/","title":{"rendered":"Distribution de repas au profit des d\u00e9munis, par des acteurs associatifs"},"content":{"rendered":"<div readability=\"38\">\n<p>Deux associations de la soci\u00e9t\u00e9 civile de Marrakech se sont mobilis\u00e9es, jeudi dans la cit\u00e9 ocre, pour venir en aide aux familles d\u00e9munies, \u00e0 travers la distribution \u00e0 leur profit, de repas gratuits \u00e0 l\u2019occasion du mois sacr\u00e9 du Ramadan.<\/p>\n<\/div>\n<div readability=\"112\">\n<p>Cette initiative humaine et solidaire s\u2019ins\u00e8re dans le cadre des efforts visant \u00e0 att\u00e9nuer les souffrances des personnes en situation difficile notamment, en raison des r\u00e9percussions de la crise induite par la pand\u00e9mie de la Covid-19.<\/p>\n<p>Ainsi, l\u2019association \u00ab\u00a0Henna Caf\u00e9\u00a0\u00bb poursuit son \u00e9lan de solidarit\u00e9 \u00e0 travers la distribution de quelque 150 repas v\u00e9g\u00e9tariens nutritifs par jour, qui sont offerts gratuitement aux familles en situation de pr\u00e9carit\u00e9.<\/p>\n<p>Actuellement cette association en est \u00e0 son 30.000\u00e8 repas distribu\u00e9s depuis le lancement en ao\u00fbt 2020, de cette initiative solidaire baptis\u00e9e \u00ab\u00a0Henna Caf\u00e9 Soup Kitchen\u00a0\u00bb.<\/p>\n<p>Cette association a f\u00eat\u00e9 jeudi soir, cet \u00e9v\u00e9nement symbolique en pr\u00e9sence notamment, de la fondatrice de la Biennale de Marrakech, Vanessa Branson, une passionn\u00e9e de la culture et de l\u2019art marocains, qui avait \u00e9t\u00e9 d\u00e9cor\u00e9e par SM le Roi Mohammed VI\u00a0du Wissam Alaouite de l\u2019Ordre d\u2019Officier, \u00e0 l\u2019occasion de l\u2019inauguration du Mus\u00e9e Mohammed VI d\u2019art moderne et contemporain de Rabat.<\/p>\n<p>En temps normal, \u00ab\u00a0Henna Caf\u00e9 Cultural Association\u00a0\u00bb, fond\u00e9e en 2011 par un ressortissant britannique, exploite un caf\u00e9 o\u00f9 les visiteurs peuvent d\u00e9guster \u00ab\u00a0une cuisine locale simple et du henn\u00e9 biologique naturel sans danger\u00a0\u00bb.<\/p>\n<p>Les b\u00e9n\u00e9fices du caf\u00e9 vont au financement d\u2019un programme \u00e9ducatif, qui propose des cours gratuits dans une gamme de mati\u00e8res dans son centre d\u2019\u00e9ducation, qui a \u00e9t\u00e9 mis en place pour servir la communaut\u00e9 locale de tous \u00e2ges et de tous horizons. L\u2019objectif \u00e9tant de transmettre des comp\u00e9tences pr\u00e9cieuses aux \u00e9tudiants de fa\u00e7on \u00e0 d\u00e9velopper leur cr\u00e9ativit\u00e9.<\/p>\n<p>Aujourd\u2019hui et en r\u00e9ponse \u00e0 cette crise sanitaire, Henna Caf\u00e9 a transform\u00e9 la salle de classe en une \u00ab\u00a0soupe populaire\u00a0\u00bb offrant des repas nutritionnellement \u00e9quilibr\u00e9s gratuits \u00e0 ceux qui en ont besoin.<\/p>\n<p>Les r\u00e9percussions de la crise sanitaire ont \u00e9t\u00e9 vivement ressenties dans la cit\u00e9 ocre, dont l\u2019\u00e9conomie est tr\u00e8s li\u00e9e au tourisme, un secteur frapp\u00e9 de plein fouet par l\u2019impact de la pand\u00e9mie.<\/p>\n<p>L\u2019initiative \u00ab\u00a0Henna Caf\u00e9 Soup Kitchen\u00a0\u00bb se veut une r\u00e9ponse \u00e0 la situation d\u2019urgence cr\u00e9\u00e9e par la pand\u00e9mie et vient ainsi att\u00e9nuer les impacts de cette crise sur les personnes les plus vuln\u00e9rables, notamment les sans-abri, les veuves et leurs enfants, et certaines personnes \u00e2g\u00e9es et souffrant de handicap, \u00ab\u00a0qui luttent actuellement pour joindre les deux bouts\u00a0\u00bb.<\/p>\n<p>L\u2019association Pikala (v\u00e9lo), qui promeut l\u2019utilisation de la bicyclette pour un mode de vie sain dans le but de cr\u00e9er des villes inclusives et durables, s\u2019est associ\u00e9e \u00e0 cette initiative \u00e0 travers la distribution des repas aux personnes d\u00e9munies.<\/p>\n<p>Ainsi, des jeunes b\u00e9n\u00e9voles de cette association ont proc\u00e9d\u00e9 \u00e0 la distribution, \u00e0 v\u00e9lo, de repas dans diff\u00e9rents quartiers de Marrakech, en visitant diff\u00e9rents endroits notamment, la gare routi\u00e8re de Bab Doukala et diff\u00e9rents coins de la nouvelle ville pour trouver des personnes en situation pr\u00e9caire.<\/p>\n<p>La vocation de \u00ab\u00a0Pikala\u00a0\u00bb est de cr\u00e9er des opportunit\u00e9s d\u2019\u00e9ducation et d\u2019emploi pour les jeunes, d\u2019am\u00e9liorer la mobilit\u00e9 durable, de prot\u00e9ger le centre-ville historique du trafic motorise\u0301 et de renforcer la sensibilisation sur l\u2019imp\u00e9ratif de la protection de l\u2019environnement.<\/p>\n<\/div>\n<p>Auteur: Meriem IGASS<br \/>\n<a href=\"http:\/\/www.mapmarrakech.ma\/fr\/distribution-de-repas-au-profit-des-demunis-par-des-acteurs-associatifs\/\">Cliquez ici pour lire l&rsquo;article depuis sa source.<\/a><\/p>\n","protected":false},"excerpt":{"rendered":"<p>Deux associations de la soci\u00e9t\u00e9 civile de Marrakech se sont mobilis\u00e9es, jeudi dans la cit\u00e9 ocre, pour venir en aide aux familles d\u00e9munies, \u00e0 travers la distribution \u00e0 leur profit, de repas gratuits \u00e0 l\u2019occasion du mois sacr\u00e9 du Ramadan. Cette initiative humaine et solidaire s\u2019ins\u00e8re dans le cadre des efforts visant \u00e0 att\u00e9nuer les [&hellip;]<\/p>\n","protected":false},"author":1788,"featured_media":0,"comment_status":"closed","ping_status":"closed","sticky":false,"template":"","format":"standard","meta":{"fifu_image_url":"","fifu_image_alt":"","footnotes":""},"categories":[54,76],"tags":[],"class_list":["post-115025","post","type-post","status-publish","format-standard","hentry","category-maroc","category-regions"],"_links":{"self":[{"href":"https:\/\/linitiative.ca\/International\/wp-json\/wp\/v2\/posts\/115025","targetHints":{"allow":["GET"]}}],"collection":[{"href":"https:\/\/linitiative.ca\/International\/wp-json\/wp\/v2\/posts"}],"about":[{"href":"https:\/\/linitiative.ca\/International\/wp-json\/wp\/v2\/types\/post"}],"author":[{"embeddable":true,"href":"https:\/\/linitiative.ca\/International\/wp-json\/wp\/v2\/users\/1788"}],"replies":[{"embeddable":true,"href":"https:\/\/linitiative.ca\/International\/wp-json\/wp\/v2\/comments?post=115025"}],"version-history":[{"count":0,"href":"https:\/\/linitiative.ca\/International\/wp-json\/wp\/v2\/posts\/115025\/revisions"}],"wp:attachment":[{"href":"https:\/\/linitiative.ca\/International\/wp-json\/wp\/v2\/media?parent=115025"}],"wp:term":[{"taxonomy":"category","embeddable":true,"href":"https:\/\/linitiative.ca\/International\/wp-json\/wp\/v2\/categories?post=115025"},{"taxonomy":"post_tag","embeddable":true,"href":"https:\/\/linitiative.ca\/International\/wp-json\/wp\/v2\/tags?post=115025"}],"curies":[{"name":"wp","href":"https:\/\/api.w.org\/{rel}","templated":true}]}}