{"id":115027,"date":"2021-04-16T11:48:24","date_gmt":"2021-04-16T15:48:24","guid":{"rendered":"https:\/\/linitiative.ca\/International\/la-medersa-de-sidi-ali-ouhmad-un-lieu-voue-a-la-perennisation-des-valeurs\/"},"modified":"2021-04-16T11:48:24","modified_gmt":"2021-04-16T15:48:24","slug":"la-medersa-de-sidi-ali-ouhmad-un-lieu-voue-a-la-perennisation-des-valeurs","status":"publish","type":"post","link":"https:\/\/linitiative.ca\/International\/la-medersa-de-sidi-ali-ouhmad-un-lieu-voue-a-la-perennisation-des-valeurs\/","title":{"rendered":"La medersa de Sidi Ali Ouhmad, un lieu vou\u00e9 \u00e0 la p\u00e9rennisation des valeurs"},"content":{"rendered":"<p>La position g\u00e9ographique strat\u00e9gique de ce haut-lieu d\u2019apprentissage et d\u2019\u00e9rudition, au c\u0153ur d\u2019Al-Haouz, plus pr\u00e9cis\u00e9ment dans la commune rurale d\u2019Ouled M\u2019taa, une zone \u00ab\u00a0arabophone\u00a0\u00bb qui s\u2019est \u00ab\u00a0amazighis\u00e9e\u00a0\u00bb, comme l\u2019\u00e9crivait le grand savant et \u00e9rudit feu Mokhtar Soussi, avait largement contribu\u00e9, au fil des si\u00e8cles, \u00e0 son rayonnement, lui permettant de jouer un r\u00f4le de taille dans l\u2019histoire de cette r\u00e9gion, notamment dans les domaines des sciences coraniques, de l\u2019enseignement et de l\u2019\u00e9ducation t\u00e9l\u00e9ologiques.<\/p>\n<p>De ce fait, la medersa d\u2019Ouled M\u2019taa a contribu\u00e9, et continue de le faire, \u00e0 servir de v\u00e9ritable \u00ab\u00a0rempart\u00a0\u00bb contre la d\u00e9rive, et \u00e0 inculquer aux jeunes apprentis, les bases de la bonne \u00e9ducation et de la droiture, ainsi que les fondamentaux et principes de l\u2019Islam du juste milieu, tel que fond\u00e9 sur le rite Malekite et le dogme Acha\u00e2rite.<\/p>\n<p>Au sein de ce lieu empreint de spiritualit\u00e9 et o\u00f9, lecture est donn\u00e9e \u00e0 longueur de journ\u00e9e, aux versets et sourates du Saint Coran, on ne m\u00e9nage aucun effort pour amener les jeunes apprentis \u00e0 \u00e9pouser, dans leurs pratiques quotidiennes, les principes de tol\u00e9rance, d\u2019ouverture, de coexistence, du respect mutuel d\u2019autrui et d\u2019acceptation de la diff\u00e9rence, et surtout de tout rejet de l\u2019extr\u00e9misme ou du fanatisme.<\/p>\n<p>Autant de principes sacrosaints de l\u2019islam mod\u00e9r\u00e9 et du soufisme sunnite que les enseignants au sein de cette ancienne medersa d\u2019Ouled M\u2019taa veillent \u00e0 consolider, \u00e0 diffuser et \u00e0 en faire les \u00ab\u00a0\u00e9claireurs\u00a0\u00bb permanents de tous, sur la voie de la b\u00e9n\u00e9diction et de la sagesse.<\/p>\n<p>Un r\u00f4le majeur attribuable \u00e0 cet espace int\u00e9gr\u00e9 de culte, d\u2019apprentissage et de spiritualit\u00e9, notamment \u00e0 son mausol\u00e9e, et \u00e0 sa Zaouia, vieille de plus de quatre si\u00e8cles, et qui revient, selon certains manuscrits et narrations orales, au grand et v\u00e9n\u00e9r\u00e9 Cheikh Sidi Hmad Oumoussa.<\/p>\n<p>Il s\u2019agit, en fait, d\u2019une v\u00e9ritable institution d\u00e9di\u00e9e \u00e0 la psalmodie et \u00e0 la m\u00e9morisation du Saint Coran, et \u00e0 l\u2019initiation des jeunes apprentis \u00e0 ses sciences, ainsi qu\u2019aux enseignements riches et profonds, tels que tir\u00e9s de la Souna du proph\u00e8te Sidna Mohamed (PSSL).<\/p>\n<p>Se basant sur la m\u00e9moire populaire locale, il convient de noter que la Zaouia de Sidi Ali Ouhmad \u00ab\u00a0va continuer \u00e0 garder plusieurs liens avec cette \u00e9minente personnalit\u00e9 qui est Cheikh Sidi Hmad Oumoussa.<\/p>\n<p>La Zaouia de Sidi Ali Ouhmad avait toujours servi de \u00ab\u00a0destination\u00a0\u00bb pris\u00e9e pour l\u2019accueil de toutes les personnes qui \u00e9taient dans le besoin ou victimes d\u2019injustice car, elle avait toujours assur\u00e9 \u00e0 ses h\u00f4tes, la prise en charge en termes de nutrition, mais aussi d\u2019apprentissage et de formation en sciences religieuses et t\u00e9l\u00e9ologiques.<\/p>\n<p>L\u2019attachement ind\u00e9fectible de la Zaouia \u00e0 cette mission noble d\u2019\u00e9ducation et d\u2019apprentissage et de m\u00e9morisation du Saint Coran, au profit des apprentis en bas-\u00e2ge, lui avait conf\u00e9r\u00e9 une grande force et un appui majeur, \u00e0 m\u00eame de lui permettre d\u2019affronter nombre de contraintes, et donc de disposer d\u2019une grande notori\u00e9t\u00e9 ayant d\u00e9pass\u00e9 de loin les seules fronti\u00e8res nationales.<\/p>\n<p>Cette Zaouia va, ainsi, connaitre une s\u00e9rie d\u2019\u00e9volutions et ce, en fonction des multiples de l\u2019apport et du charisme des multiples Cheikhs qui avaient le m\u00e9rite d\u2019assurer la gestion de sa mosqu\u00e9e et sa medersa, \u00e0 l\u2019instar de M\u2019barek Damssiri ou encore Ahmed Belaoued, deux figures embl\u00e9matiques du soufisme qui avaient marqu\u00e9 de leur sceau, l\u2019histoire rayonnante de ce lieu de culte.<\/p>\n<p>Cet espace de formation, d\u2019encadrement et d\u2019orientation va continuer de connaitre son lustre d\u2019antan et un rayonnement fort remarquable depuis 1999, notamment avec l\u2019arriv\u00e9e aux commandes de cette institution, du Cheikh Mohamed Taouil et sa grande contribution \u00e0 la revivification et \u00e0 la mise en lumi\u00e8re du r\u00f4le \u00e9ducatif de ce haut lieu d\u2019apprentissage et de spiritualit\u00e9.<\/p>\n<p>A son arriv\u00e9e \u00e0 Ouled M\u2019taa, cet \u00e9rudit originaire de Taznakht (Ouarzazate) s\u2019est adonn\u00e9 pleinement \u00e0 sa mission d\u2019enseignement et de formation des jeunes apprentis jusqu\u2019\u00e0 2007, ann\u00e9e de la cr\u00e9ation de l\u2019Association \u00ab\u00a0Al Kha\u00efr\u00a0\u00bb, qui s\u2019\u00e9tait vu attribuer, d\u00e9sormais, la mission de g\u00e9rer ladite medersa, laquelle va connaitre un nouvel essor et une \u00e9volution \u00e0 plusieurs niveaux.<\/p>\n<p>Avant 2007, l\u2019apprentissage du Saint Coran se faisait dans la mosqu\u00e9e de la Zaouia, \u00e9difi\u00e9e sur une superficie de 390 m2, avec quelque 160 jeunes apprentis, qui logeaient \u00e9galement au sein de ce lieu de culte, sachant que les espaces disponibles pour les accueillir, \u00e0 cette \u00e9poque, ne d\u00e9passait gu\u00e8re les 13 unit\u00e9s.<\/p>\n<p>Si les conditions de travail au sein de cette ancienne medersa \u00e9taient au d\u00e9part assez \u00ab\u00a0difficiles\u00a0\u00bb, il \u00e9tait donc \u00ab\u00a0obligatoire\u00a0\u00bb de penser \u00e0 la mise en place d\u2019un autre \u00e9tablissement \u00e0 part enti\u00e8re. Une d\u00e9cision qui avait co\u00efncid\u00e9 avec la mise en \u0153uvre d\u2019un v\u00e9ritable projet soci\u00e9tal, pilot\u00e9 par le minist\u00e8re des Habous et des Affaires Islamiques portant sur la mise \u00e0 niveau des anciennes Medersas.<\/p>\n<p>Ainsi, l\u2019association \u00ab\u00a0Al Kha\u00efr\u00a0\u00bb, dans le cadre de la mise en \u0153uvre d\u2019une approche participative avec les autres acteurs de la soci\u00e9t\u00e9 civile, a proc\u00e9d\u00e9 \u00e0 la pose de la premi\u00e8re pierre pour la construction d\u2019une nouvelle \u00e9cole \u00ab\u00a0Medersa\u00a0\u00bb, avec le concours de l\u2019Initiative Nationale pour le D\u00e9veloppement Humain (INDH), du Conseil provincial, des bienfaiteurs et des partenaires.<\/p>\n<p>Le nouveau si\u00e8ge de la Medersa, \u00e9difi\u00e9 sur un terrain de 130.000 m2, compte d\u00e9sormais des d\u00e9pendances administratives, 10 salles de classe, une biblioth\u00e8que, une infirmerie, un r\u00e9fectoire, une salle multim\u00e9dia, trois dortoirs, des espaces verts, des blocs sanitaires, outre la construction d\u2019une mosqu\u00e9e dans une zone limitrophe.<\/p>\n<p>Le nombre des enseignants et des cadres p\u00e9dagogiques et administratifs au sein de cette Medersa s\u2019est nettement am\u00e9lior\u00e9, de mani\u00e8re \u00e0 mieux r\u00e9pondre aux besoins manifest\u00e9s en termes de formation et d\u2019apprentissage.<\/p>\n<p>Approch\u00e9 par la MAP, Cheikh Mohamed Taouil, charg\u00e9 de la gestion de la medersa d\u2019Ouled M\u2019taa, a rappel\u00e9 que cette ancienne institution \u00e9ducative dispense des formations dans les domaines de la m\u00e9morisation du Saint Coran, des sciences t\u00e9l\u00e9ologiques, ainsi que des sciences linguistiques, avec une ouverture sur les langues \u00e9trang\u00e8res et l\u2019informatique, notant qu\u2019au sein de cette \u00e9cole un int\u00e9r\u00eat particulier est accord\u00e9 \u00e9galement \u00e0 l\u2019\u00e9ducation.<\/p>\n<p>\u00ab\u00a0Nous \u00e9duquons nos \u00e9l\u00e8ves \u00e0 la bonne moralit\u00e9, \u00e0 la tol\u00e9rance, \u00e0 l\u2019amour d\u2019autrui, de la patrie et du Saint Coran. Et pour preuve ce sont chaque ann\u00e9e, entre 60 et 70 apprentis qui obtiennent leurs certificats de l\u2019enseignement primaire originel pour acc\u00e9der \u00e0 un niveau sup\u00e9rieur\u00a0\u00bb, s\u2019est-il f\u00e9licit\u00e9.<\/p>\n<p>Et de rappeler que depuis la dotation de la medersa d\u2019un nouveau si\u00e8ge en 1999 et m\u00eame avant, sa mission consiste \u00e0 initier les apprentis \u00e0 une parfaite m\u00e9morisation et r\u00e9citation du Coran, \u00e0 la maitrise de son contenu, ses significations et ses enseignements, et \u00e0 s\u2019ouvrir sur les s\u00e9ances t\u00e9l\u00e9ologiques et autres connaissances indispensables pour l\u2019\u00e9dification de leur personnalit\u00e9.<\/p>\n<p>Par la m\u00eame occasion, il a lou\u00e9 les efforts inlassables d\u00e9ploy\u00e9s par le minist\u00e8re de tutelle ainsi que par les bienfaiteurs, afin que cette medersa puisse assurer ses nobles missions dans d\u2019excellentes conditions, notamment celle de renforcer chez les jeunes, cette fiert\u00e9 d\u2019\u00eatre Marocains et d\u2019appartenir \u00e0 une grande Nation.<\/p>\n<p>Auteur: Meriem IGASS<br \/>\n<a href=\"http:\/\/www.mapmarrakech.ma\/fr\/la-medersa-de-la-zaouia-de-sidi-ali-ouhmad-un-lieu-voue-a-la-perennisation-des-valeurs\/\">Cliquez ici pour lire l&rsquo;article depuis sa source.<\/a><\/p>\n","protected":false},"excerpt":{"rendered":"<p>La position g\u00e9ographique strat\u00e9gique de ce haut-lieu d\u2019apprentissage et d\u2019\u00e9rudition, au c\u0153ur d\u2019Al-Haouz, plus pr\u00e9cis\u00e9ment dans la commune rurale d\u2019Ouled M\u2019taa, une zone \u00ab\u00a0arabophone\u00a0\u00bb qui s\u2019est \u00ab\u00a0amazighis\u00e9e\u00a0\u00bb, comme l\u2019\u00e9crivait le grand savant et \u00e9rudit feu Mokhtar Soussi, avait largement contribu\u00e9, au fil des si\u00e8cles, \u00e0 son rayonnement, lui permettant de jouer un r\u00f4le de taille [&hellip;]<\/p>\n","protected":false},"author":1788,"featured_media":0,"comment_status":"closed","ping_status":"closed","sticky":false,"template":"","format":"standard","meta":{"fifu_image_url":"","fifu_image_alt":"","footnotes":""},"categories":[54,76],"tags":[],"class_list":["post-115027","post","type-post","status-publish","format-standard","hentry","category-maroc","category-regions"],"_links":{"self":[{"href":"https:\/\/linitiative.ca\/International\/wp-json\/wp\/v2\/posts\/115027","targetHints":{"allow":["GET"]}}],"collection":[{"href":"https:\/\/linitiative.ca\/International\/wp-json\/wp\/v2\/posts"}],"about":[{"href":"https:\/\/linitiative.ca\/International\/wp-json\/wp\/v2\/types\/post"}],"author":[{"embeddable":true,"href":"https:\/\/linitiative.ca\/International\/wp-json\/wp\/v2\/users\/1788"}],"replies":[{"embeddable":true,"href":"https:\/\/linitiative.ca\/International\/wp-json\/wp\/v2\/comments?post=115027"}],"version-history":[{"count":0,"href":"https:\/\/linitiative.ca\/International\/wp-json\/wp\/v2\/posts\/115027\/revisions"}],"wp:attachment":[{"href":"https:\/\/linitiative.ca\/International\/wp-json\/wp\/v2\/media?parent=115027"}],"wp:term":[{"taxonomy":"category","embeddable":true,"href":"https:\/\/linitiative.ca\/International\/wp-json\/wp\/v2\/categories?post=115027"},{"taxonomy":"post_tag","embeddable":true,"href":"https:\/\/linitiative.ca\/International\/wp-json\/wp\/v2\/tags?post=115027"}],"curies":[{"name":"wp","href":"https:\/\/api.w.org\/{rel}","templated":true}]}}