{"id":115028,"date":"2021-04-16T12:29:09","date_gmt":"2021-04-16T16:29:09","guid":{"rendered":"https:\/\/linitiative.ca\/International\/la-protection-sociale-une-traduction-effective-de-la-constitution-de-2011\/"},"modified":"2021-04-16T12:29:09","modified_gmt":"2021-04-16T16:29:09","slug":"la-protection-sociale-une-traduction-effective-de-la-constitution-de-2011","status":"publish","type":"post","link":"https:\/\/linitiative.ca\/International\/la-protection-sociale-une-traduction-effective-de-la-constitution-de-2011\/","title":{"rendered":"La protection sociale, une traduction effective de la Constitution de 2011"},"content":{"rendered":"<div class=\"single-featured\"><img alt=\"\" data-src=\"http:\/\/www.mapmarrakech.ma\/map\/uploads\/2021\/04\/Mohamed-El-Ghali-copier.jpg\"\/><\/div>\n<div class=\"single-post-excerpt post-excerpt-bc\" readability=\"39\">\n<p>Marrakech \u2013 Le chantier de g\u00e9n\u00e9ralisation de la protection sociale, dont la c\u00e9r\u00e9monie de lancement a \u00e9t\u00e9 pr\u00e9sid\u00e9e mercredi par Sa Majest\u00e9 le Roi Mohammed VI au Palais Royal de F\u00e8s, constitue une \u00ab\u00a0traduction effective des dispositions de la Constitution de 2011\u00a0\u00bb, a indiqu\u00e9 le politologue et universitaire, Mohamed El Ghali.<\/p>\n<\/div>\n<div class=\"entry-content clearfix single-post-content\" readability=\"69\">\n<p>\u00ab\u00a0Ce chantier Royal pose les jalons d\u2019une ing\u00e9nierie institutionnelle pour \u00e9difier une soci\u00e9t\u00e9 solidaire dans un environnement sain, qui garantit \u00e0 tous les citoyens la s\u00e9curit\u00e9 sanitaire et la protection sociale\u00a0\u00bb, a d\u00e9clar\u00e9 \u00e0 la MAP, M. El Ghali, \u00e9galement Chef du D\u00e9partement de Droit Public \u00e0 la Facult\u00e9 des Sciences Juridiques, Economiques et Sociales (FSJES) de Marrakech.<\/p>\n<p>De l\u2019avis de M. El Ghali, cette strat\u00e9gie clairvoyante s\u2019inscrit pleinement dans le cadre du projet soci\u00e9tal men\u00e9 par le Souverain pour l\u2019\u00e9dification d\u2019un Maroc d\u00e9mocratique et solidaire o\u00f9, tous les citoyens, abstraction faite de leur situation, ont droit \u00e0 un acc\u00e8s \u00e9gal aux services de sant\u00e9 de mani\u00e8re permanente et continue.<\/p>\n<p>Et d\u2019ajouter que la protection sociale est un pilier fondamental pour garantir la justice et la paix sociales, et un garant de la permanence et de la continuit\u00e9 de l\u2019\u00c9tat.<\/p>\n<p>Le chantier Royal de g\u00e9n\u00e9ralisation de la protection sociale b\u00e9n\u00e9ficiera, dans un premier temps, aux agriculteurs, artisans et professionnels de l\u2019artisanat, commer\u00e7ants, professionnels et prestataires ind\u00e9pendants soumis au r\u00e9gime de contribution professionnelle unique (CPU), au r\u00e9gime de l\u2019auto-entrepreneur ou au r\u00e9gime de la comptabilit\u00e9.<\/p>\n<p>Il s\u2019\u00e9tendra, dans un second temps, \u00e0 d\u2019autres cat\u00e9gories dans la perspective de la g\u00e9n\u00e9ralisation effective de la protection sociale \u00e0 tous les citoyens.<\/p>\n<\/div>\n<p>Auteur: Meriem IGASS<br \/>\n<a href=\"http:\/\/www.mapmarrakech.ma\/fr\/la-protection-sociale-une-traduction-effective-de-la-constitution-de-2011\/\">Cliquez ici pour lire l&rsquo;article depuis sa source.<\/a><\/p>\n","protected":false},"excerpt":{"rendered":"<p>Marrakech \u2013 Le chantier de g\u00e9n\u00e9ralisation de la protection sociale, dont la c\u00e9r\u00e9monie de lancement a \u00e9t\u00e9 pr\u00e9sid\u00e9e mercredi par Sa Majest\u00e9 le Roi Mohammed VI au Palais Royal de F\u00e8s, constitue une \u00ab\u00a0traduction effective des dispositions de la Constitution de 2011\u00a0\u00bb, a indiqu\u00e9 le politologue et universitaire, Mohamed El Ghali. \u00ab\u00a0Ce chantier Royal pose [&hellip;]<\/p>\n","protected":false},"author":1788,"featured_media":0,"comment_status":"closed","ping_status":"closed","sticky":false,"template":"","format":"standard","meta":{"fifu_image_url":"http:\/\/www.mapmarrakech.ma\/map\/uploads\/2021\/04\/Mohamed-El-Ghali-copier.jpg","fifu_image_alt":"La protection sociale, une traduction effective de la Constitution de 2011","footnotes":""},"categories":[54,76],"tags":[],"class_list":["post-115028","post","type-post","status-publish","format-standard","hentry","category-maroc","category-regions"],"_links":{"self":[{"href":"https:\/\/linitiative.ca\/International\/wp-json\/wp\/v2\/posts\/115028","targetHints":{"allow":["GET"]}}],"collection":[{"href":"https:\/\/linitiative.ca\/International\/wp-json\/wp\/v2\/posts"}],"about":[{"href":"https:\/\/linitiative.ca\/International\/wp-json\/wp\/v2\/types\/post"}],"author":[{"embeddable":true,"href":"https:\/\/linitiative.ca\/International\/wp-json\/wp\/v2\/users\/1788"}],"replies":[{"embeddable":true,"href":"https:\/\/linitiative.ca\/International\/wp-json\/wp\/v2\/comments?post=115028"}],"version-history":[{"count":0,"href":"https:\/\/linitiative.ca\/International\/wp-json\/wp\/v2\/posts\/115028\/revisions"}],"wp:attachment":[{"href":"https:\/\/linitiative.ca\/International\/wp-json\/wp\/v2\/media?parent=115028"}],"wp:term":[{"taxonomy":"category","embeddable":true,"href":"https:\/\/linitiative.ca\/International\/wp-json\/wp\/v2\/categories?post=115028"},{"taxonomy":"post_tag","embeddable":true,"href":"https:\/\/linitiative.ca\/International\/wp-json\/wp\/v2\/tags?post=115028"}],"curies":[{"name":"wp","href":"https:\/\/api.w.org\/{rel}","templated":true}]}}