{"id":115029,"date":"2021-04-16T12:42:22","date_gmt":"2021-04-16T16:42:22","guid":{"rendered":"https:\/\/linitiative.ca\/International\/covid-19-587-nouveaux-cas-plus-de-45-millions-de-personnes-vaccinees\/"},"modified":"2021-04-16T12:42:22","modified_gmt":"2021-04-16T16:42:22","slug":"covid-19-587-nouveaux-cas-plus-de-45-millions-de-personnes-vaccinees","status":"publish","type":"post","link":"https:\/\/linitiative.ca\/International\/covid-19-587-nouveaux-cas-plus-de-45-millions-de-personnes-vaccinees\/","title":{"rendered":"Covid-19: 587 nouveaux cas, plus de 4,5 millions de personnes vaccin\u00e9es"},"content":{"rendered":"<div readability=\"36\">\n<p>Un total de 587 nouvelles infections au nouveau coronavirus (Covid-19) ont \u00e9t\u00e9 enregistr\u00e9es au cours des 24 derni\u00e8res heures, indique vendredi le minist\u00e8re de la Sant\u00e9 dans un bilan publi\u00e9 \u00e0 16H00, faisant \u00e9galement \u00e9tat de 555 cas de gu\u00e9rison.<\/p>\n<\/div>\n<div readability=\"71\">\n<p>Le nombre des personnes vaccin\u00e9es \u00e0 ce jour (dose 1) a atteint 4.583.664 , tandis que 4.180.155 autres ont re\u00e7u la deuxi\u00e8me dose du vaccin, pr\u00e9cise le minist\u00e8re dans son bulletin quotidien sur la situation de la Covid-19.<\/p>\n<p>Les nouvelles contaminations portent \u00e0 504.847 le nombre total des cas de Covid-19, alors que le nombre des personnes r\u00e9tablies est pass\u00e9 \u00e0 490.921, soit un taux de gu\u00e9rison de 97,2%.<\/p>\n<p>Quant au nombre total des d\u00e9c\u00e8s, il est pass\u00e9 \u00e0 8.934 avec 7 nouveaux cas recens\u00e9s en 24 heures, soit un taux de l\u00e9talit\u00e9 de 1,8%. Les d\u00e9c\u00e8s ont \u00e9t\u00e9 enregistr\u00e9s dans les r\u00e9gions de Casablanca-Settat (3), Rabat-Sal\u00e9-K\u00e9nitra (1), Marrakech-Safi (1), l\u2019Oriental (1) et Guelmim-Oued Noun (1).<\/p>\n<p>Les nouveaux cas d\u2019infection ont \u00e9t\u00e9 signal\u00e9s dans les r\u00e9gions de Casablanca-Settat (410), Rabat-Sal\u00e9-K\u00e9nitra (50), Marrakech-Safi (39), Souss-Massa (23), Tanger-T\u00e9touan-Al Hoceima (19), Dakhla-Oued Eddahab (17), La\u00e2youne-Sakia El Hamra (9), B\u00e9ni Mellal-Kh\u00e9nifra (6), l\u2019Oriental (6), F\u00e8s-Mekn\u00e8s (5) et Guelmim\u2013Oued Noun (3).<\/p>\n<p>Le nombre des cas actifs s\u2019\u00e9l\u00e8ve \u00e0 4.992 et les cas s\u00e9v\u00e8res ou critiques sont au nombre de 43, dont 15 plac\u00e9s sous intubation.<\/p>\n<\/div>\n<p>Auteur: Meriem IGASS<br \/>\n<a href=\"http:\/\/www.mapmarrakech.ma\/fr\/covid-19-587-nouveaux-cas-plus-de-45-millions-de-personnes-vaccinees\/\">Cliquez ici pour lire l&rsquo;article depuis sa source.<\/a><\/p>\n","protected":false},"excerpt":{"rendered":"<p>Un total de 587 nouvelles infections au nouveau coronavirus (Covid-19) ont \u00e9t\u00e9 enregistr\u00e9es au cours des 24 derni\u00e8res heures, indique vendredi le minist\u00e8re de la Sant\u00e9 dans un bilan publi\u00e9 \u00e0 16H00, faisant \u00e9galement \u00e9tat de 555 cas de gu\u00e9rison. Le nombre des personnes vaccin\u00e9es \u00e0 ce jour (dose 1) a atteint 4.583.664 , tandis [&hellip;]<\/p>\n","protected":false},"author":1788,"featured_media":0,"comment_status":"closed","ping_status":"closed","sticky":false,"template":"","format":"standard","meta":{"fifu_image_url":"","fifu_image_alt":"","footnotes":""},"categories":[54,76],"tags":[],"class_list":["post-115029","post","type-post","status-publish","format-standard","hentry","category-maroc","category-regions"],"_links":{"self":[{"href":"https:\/\/linitiative.ca\/International\/wp-json\/wp\/v2\/posts\/115029","targetHints":{"allow":["GET"]}}],"collection":[{"href":"https:\/\/linitiative.ca\/International\/wp-json\/wp\/v2\/posts"}],"about":[{"href":"https:\/\/linitiative.ca\/International\/wp-json\/wp\/v2\/types\/post"}],"author":[{"embeddable":true,"href":"https:\/\/linitiative.ca\/International\/wp-json\/wp\/v2\/users\/1788"}],"replies":[{"embeddable":true,"href":"https:\/\/linitiative.ca\/International\/wp-json\/wp\/v2\/comments?post=115029"}],"version-history":[{"count":0,"href":"https:\/\/linitiative.ca\/International\/wp-json\/wp\/v2\/posts\/115029\/revisions"}],"wp:attachment":[{"href":"https:\/\/linitiative.ca\/International\/wp-json\/wp\/v2\/media?parent=115029"}],"wp:term":[{"taxonomy":"category","embeddable":true,"href":"https:\/\/linitiative.ca\/International\/wp-json\/wp\/v2\/categories?post=115029"},{"taxonomy":"post_tag","embeddable":true,"href":"https:\/\/linitiative.ca\/International\/wp-json\/wp\/v2\/tags?post=115029"}],"curies":[{"name":"wp","href":"https:\/\/api.w.org\/{rel}","templated":true}]}}