{"id":115033,"date":"2021-04-16T08:41:45","date_gmt":"2021-04-16T12:41:45","guid":{"rendered":"https:\/\/linitiative.ca\/International\/la-generalisation-de-la-protection-sociale-traduit-linteret-quaccorde-le-souverain-a-la-justice-sociale\/"},"modified":"2021-04-16T08:41:45","modified_gmt":"2021-04-16T12:41:45","slug":"la-generalisation-de-la-protection-sociale-traduit-linteret-quaccorde-le-souverain-a-la-justice-sociale","status":"publish","type":"post","link":"https:\/\/linitiative.ca\/International\/la-generalisation-de-la-protection-sociale-traduit-linteret-quaccorde-le-souverain-a-la-justice-sociale\/","title":{"rendered":"La g\u00e9n\u00e9ralisation de la protection sociale traduit l\u2019int\u00e9r\u00eat qu\u2019accorde le Souverain \u00e0 la justice sociale"},"content":{"rendered":"<p class=\"c4\">Le chantier de g\u00e9n\u00e9ralisation de la protection sociale, lanc\u00e9 par SM le Roi Mohammed VI, traduit encore une fois l\u2019int\u00e9r\u00eat qu\u2019accorde le Souverain \u00e0 la justice sociale, a soulign\u00e9 l\u2019universitaire Jamal Haddadi.<\/p>\n<p class=\"c4\">\u00ab\u00a0Ce chantier illustre encore une fois l\u2019int\u00e9r\u00eat que porte SM le Roi aux conditions de vie des citoyens et \u00e0 la r\u00e9alisation de l\u2019\u00e9quit\u00e9 et de la justice sociale\u00a0\u00bb, a indiqu\u00e9 M. Haddadi, professeur \u00e0 l\u2019universit\u00e9 Mohammed Premier (UMP) d\u2019Oujda, dans une d\u00e9claration \u00e0 la MAP.<\/p>\n<p class=\"c4\">Il a relev\u00e9 dans ce sens que ce projet vise la g\u00e9n\u00e9ralisation de la protection sociale, un objectif auquel aspirent toutes les grandes nations qui ont atteint un niveau \u00e9lev\u00e9 de progr\u00e8s.<\/p>\n<p class=\"c4\">\u00ab\u00a0Plus qu\u2019un projet, cette initiative incarne une philosophie de la protection sociale\u00a0\u00bb, a-t-il soutenu.<\/p>\n<p class=\"c4\">De l\u2019avis de cet universitaire, ce chantier, qui intervient dans un contexte particulier marqu\u00e9 par la pand\u00e9mie de la Covid-19 qui a montr\u00e9 la fragilit\u00e9 qui affecte certains secteurs, est de nature \u00e0 assurer la protection n\u00e9cessaire \u00e0 une large frange de la population, et ce \u00e0 travers une s\u00e9rie de mesures et d\u2019avantages.<\/p>\n<p class=\"c4\">Parmi les mesures pr\u00e9vues au profit des citoyens vuln\u00e9rables dans le cadre de ce projet de grande envergue, il convient de mettre l\u2019accent sur les volets de la couverture m\u00e9dicale, les allocations familiales, l\u2019acc\u00e8s \u00e0 l\u2019indemnit\u00e9 de perte d\u2019emploi, ainsi que l\u2019adh\u00e9sion au r\u00e9gime de retraite, a-t-il dit.<\/p>\n<p class=\"c4\">Cette initiative qui r\u00e9pond aux attentes de nombreux citoyens va aussi permettre la structuration des activit\u00e9s du secteur informel et contribuer \u00e0 la cons\u00e9cration de la paix sociale et \u00e0 la pr\u00e9servation de la dignit\u00e9 de tous les Marocains, a encore ajout\u00e9 M. Haddadi.<\/p>\n<p class=\"c4\">SM le Roi Mohammed VI a pr\u00e9sid\u00e9 mercredi, la c\u00e9r\u00e9monie de lancement de la mise en \u0153uvre du projet de g\u00e9n\u00e9ralisation de la protection sociale et de signature des premi\u00e8res conventions y aff\u00e9rentes.<\/p>\n<p class=\"c4\">Ce chantier Royal, qui b\u00e9n\u00e9ficiera dans un premier temps aux agriculteurs, artisans et professionnels de l\u2019artisanat, aux commer\u00e7ants, professionnels et prestataires ind\u00e9pendants soumis au r\u00e9gime de contribution professionnelle unique (CPU), au r\u00e9gime de l\u2019auto-entrepreneur ou au r\u00e9gime de la comptabilit\u00e9, devra s\u2019\u00e9tendre, dans un second temps, \u00e0 d\u2019autres cat\u00e9gories dans la perspective de la g\u00e9n\u00e9ralisation effective de la protection sociale \u00e0 tous les citoyens.<\/p>\n<p>Auteur: Soufiane ELAHMAR<br \/>\n<a href=\"http:\/\/www.mapoujda.ma\/fr\/la-generalisation-de-la-protection-sociale-traduit-linteret-quaccorde-le-souverain-a-la-justice-sociale\/\">Cliquez ici pour lire l&rsquo;article depuis sa source.<\/a><\/p>\n","protected":false},"excerpt":{"rendered":"<p>Le chantier de g\u00e9n\u00e9ralisation de la protection sociale, lanc\u00e9 par SM le Roi Mohammed VI, traduit encore une fois l\u2019int\u00e9r\u00eat qu\u2019accorde le Souverain \u00e0 la justice sociale, a soulign\u00e9 l\u2019universitaire Jamal Haddadi. \u00ab\u00a0Ce chantier illustre encore une fois l\u2019int\u00e9r\u00eat que porte SM le Roi aux conditions de vie des citoyens et \u00e0 la r\u00e9alisation de [&hellip;]<\/p>\n","protected":false},"author":1788,"featured_media":0,"comment_status":"closed","ping_status":"closed","sticky":false,"template":"","format":"standard","meta":{"fifu_image_url":"","fifu_image_alt":"","footnotes":""},"categories":[54,76],"tags":[],"class_list":["post-115033","post","type-post","status-publish","format-standard","hentry","category-maroc","category-regions"],"_links":{"self":[{"href":"https:\/\/linitiative.ca\/International\/wp-json\/wp\/v2\/posts\/115033","targetHints":{"allow":["GET"]}}],"collection":[{"href":"https:\/\/linitiative.ca\/International\/wp-json\/wp\/v2\/posts"}],"about":[{"href":"https:\/\/linitiative.ca\/International\/wp-json\/wp\/v2\/types\/post"}],"author":[{"embeddable":true,"href":"https:\/\/linitiative.ca\/International\/wp-json\/wp\/v2\/users\/1788"}],"replies":[{"embeddable":true,"href":"https:\/\/linitiative.ca\/International\/wp-json\/wp\/v2\/comments?post=115033"}],"version-history":[{"count":0,"href":"https:\/\/linitiative.ca\/International\/wp-json\/wp\/v2\/posts\/115033\/revisions"}],"wp:attachment":[{"href":"https:\/\/linitiative.ca\/International\/wp-json\/wp\/v2\/media?parent=115033"}],"wp:term":[{"taxonomy":"category","embeddable":true,"href":"https:\/\/linitiative.ca\/International\/wp-json\/wp\/v2\/categories?post=115033"},{"taxonomy":"post_tag","embeddable":true,"href":"https:\/\/linitiative.ca\/International\/wp-json\/wp\/v2\/tags?post=115033"}],"curies":[{"name":"wp","href":"https:\/\/api.w.org\/{rel}","templated":true}]}}