{"id":115034,"date":"2021-04-16T11:04:13","date_gmt":"2021-04-16T15:04:13","guid":{"rendered":"https:\/\/linitiative.ca\/International\/berkane-une-caravane-pour-promouvoir-lentrepreneuriat-des-jeunes\/"},"modified":"2021-04-16T11:04:13","modified_gmt":"2021-04-16T15:04:13","slug":"berkane-une-caravane-pour-promouvoir-lentrepreneuriat-des-jeunes","status":"publish","type":"post","link":"https:\/\/linitiative.ca\/International\/berkane-une-caravane-pour-promouvoir-lentrepreneuriat-des-jeunes\/","title":{"rendered":"Berkane : Une caravane pour promouvoir l\u2019entrepreneuriat des jeunes"},"content":{"rendered":"<p class=\"c4\">Une caravane pour la promotion de l\u2019esprit d\u2019entrepreneuriat chez les jeunes sillonne, tout au long du mois sacr\u00e9 du Ramadan, les communes de la province de Berkane, avec pour th\u00e8me \u00abInitiative, innovation et d\u00e9veloppement\u00bb.<\/p>\n<p class=\"c4\">Organis\u00e9e en partenariat entre l\u2019Initiative nationale pour le d\u00e9veloppement humain (INDH) et la direction provinciale de la Jeunesse et des sports de Berkane, cette caravane vise \u00e0 encourager les jeunes, notamment dans le monde rural, \u00e0 cr\u00e9er leurs propres entreprises et d\u00e9velopper des id\u00e9es innovantes d\u2019entreprenariat, et ce \u00e0 travers des sessions de formation dans le domaine de l\u2019entrepreneuriat.<\/p>\n<p class=\"c4\">La caravane, qui s\u2019est arr\u00eat\u00e9e mercredi et jeudi \u00e0 Tafoughalt, entend favoriser la cr\u00e9ation de petites entreprises r\u00e9ussies, renforcer les capacit\u00e9s entrepreneuriales des jeunes et soutenir l\u2019investissement dans le secteur de l\u2019\u00e9conomie sociale et solidaire, en mettant l\u2019accent sur la cr\u00e9ation de valeur ajout\u00e9e \u00e0 partir des produits de terroir.<\/p>\n<p class=\"c4\">Dans une d\u00e9claration \u00e0 la cha\u00eene d\u2019information en continu de la MAP (M24), le directeur provincial du secteur de la Jeunesse et des sports de Berkane, Abdelhak Zouagh, a indiqu\u00e9 que cette caravane s\u2019inscrit dans le cadre d\u2019un programme d\u2019action conjoint avec l\u2019INDH, et cible les jeunes \u00e2g\u00e9s de 18 \u00e0 40 ans dans 16 communes territoriale de la province de Berkane, ajoutant que cette caravane doit b\u00e9n\u00e9ficier \u00e0 plus de 350 jeunes, issus notamment du monde rural.<\/p>\n<p class=\"c4\">L\u2019objectif principal est de consacrer l\u2019esprit d\u2019initiative et d\u2019entrepreneuriat chez les jeunes, suivant une d\u00e9marche de proximit\u00e9, a-t-il expliqu\u00e9, notant que cette caravane intervient dans le sillage d\u2019une s\u00e9rie de formations et d\u2019activit\u00e9s visant \u00e0 accompagner les jeunes dans la recherche d\u2019opportunit\u00e9s d\u2019entrepreneuriat et d\u2019emploi et soutenir les initiatives d\u2019auto-emploi.<\/p>\n<p class=\"c4\">La caravane met l\u2019accent, dans ce cadre, sur le renforcement des comp\u00e9tences personnelles et les Soft-Skills, a soulign\u00e9 M. Zouagh, ajoutant que la direction provinciale de la Jeunesse et des sports s\u2019att\u00e8le, en collaboration avec l\u2019INDH, au renforcement des comp\u00e9tences des jeunes dans tous les domaines \u00e9conomiques, sociaux, culturels et sportifs.<\/p>\n<p class=\"c4\">De son c\u00f4t\u00e9, Siham Laz\u00e2ar, cheffe du service d\u2019am\u00e9lioration du revenu et d\u2019inclusion \u00e9conomique des jeunes \u00e0 la pr\u00e9fecture de la province de Berkane, a indiqu\u00e9 que cette caravane fait partie des efforts men\u00e9s en mati\u00e8re d\u2019am\u00e9lioration du revenu des jeunes et leur inclusion dans le cycle \u00e9conomique, dans le cadre de la 3\u00e8me phase de l\u2019INDH.<\/p>\n<p class=\"c4\">Cette caravane se d\u00e9ploie sur l\u2019ensemble du territoire de la province de Berkane et porte sur des ateliers de formation ax\u00e9s notamment sur l\u2019esprit de l\u2019entrepreneuriat, le processus de cr\u00e9ation de l\u2019entreprise, les strat\u00e9gies de commercialisation et le d\u00e9veloppement personnel des porteurs de projets, a-t-elle pr\u00e9cis\u00e9.<\/p>\n<p>Auteur: Soufiane ELAHMAR<br \/>\n<a href=\"http:\/\/www.mapoujda.ma\/fr\/berkane-une-caravane-pour-promouvoir-lentrepreneuriat-des-jeunes\/\">Cliquez ici pour lire l&rsquo;article depuis sa source.<\/a><\/p>\n","protected":false},"excerpt":{"rendered":"<p>Une caravane pour la promotion de l\u2019esprit d\u2019entrepreneuriat chez les jeunes sillonne, tout au long du mois sacr\u00e9 du Ramadan, les communes de la province de Berkane, avec pour th\u00e8me \u00abInitiative, innovation et d\u00e9veloppement\u00bb. Organis\u00e9e en partenariat entre l\u2019Initiative nationale pour le d\u00e9veloppement humain (INDH) et la direction provinciale de la Jeunesse et des sports [&hellip;]<\/p>\n","protected":false},"author":1788,"featured_media":0,"comment_status":"closed","ping_status":"closed","sticky":false,"template":"","format":"standard","meta":{"fifu_image_url":"","fifu_image_alt":"","footnotes":""},"categories":[54,76],"tags":[],"class_list":["post-115034","post","type-post","status-publish","format-standard","hentry","category-maroc","category-regions"],"_links":{"self":[{"href":"https:\/\/linitiative.ca\/International\/wp-json\/wp\/v2\/posts\/115034","targetHints":{"allow":["GET"]}}],"collection":[{"href":"https:\/\/linitiative.ca\/International\/wp-json\/wp\/v2\/posts"}],"about":[{"href":"https:\/\/linitiative.ca\/International\/wp-json\/wp\/v2\/types\/post"}],"author":[{"embeddable":true,"href":"https:\/\/linitiative.ca\/International\/wp-json\/wp\/v2\/users\/1788"}],"replies":[{"embeddable":true,"href":"https:\/\/linitiative.ca\/International\/wp-json\/wp\/v2\/comments?post=115034"}],"version-history":[{"count":0,"href":"https:\/\/linitiative.ca\/International\/wp-json\/wp\/v2\/posts\/115034\/revisions"}],"wp:attachment":[{"href":"https:\/\/linitiative.ca\/International\/wp-json\/wp\/v2\/media?parent=115034"}],"wp:term":[{"taxonomy":"category","embeddable":true,"href":"https:\/\/linitiative.ca\/International\/wp-json\/wp\/v2\/categories?post=115034"},{"taxonomy":"post_tag","embeddable":true,"href":"https:\/\/linitiative.ca\/International\/wp-json\/wp\/v2\/tags?post=115034"}],"curies":[{"name":"wp","href":"https:\/\/api.w.org\/{rel}","templated":true}]}}