{"id":115035,"date":"2021-04-16T08:58:05","date_gmt":"2021-04-16T12:58:05","guid":{"rendered":"https:\/\/linitiative.ca\/International\/ue-les-emissions-de-gaz-a-effet-de-serre-en-baisse\/"},"modified":"2021-04-16T08:58:05","modified_gmt":"2021-04-16T12:58:05","slug":"ue-les-emissions-de-gaz-a-effet-de-serre-en-baisse","status":"publish","type":"post","link":"https:\/\/linitiative.ca\/International\/ue-les-emissions-de-gaz-a-effet-de-serre-en-baisse\/","title":{"rendered":"UE: les \u00e9missions de gaz \u00e0 effet de serre en baisse"},"content":{"rendered":"<p class=\"rtejustify\">Les \u00e9missions de gaz \u00e0 effet de serre des op\u00e9rateurs couverts par le syst\u00e8me d&rsquo;\u00e9change de quotas d&rsquo;\u00e9mission de l&rsquo;UE (SEQE-UE) ont diminu\u00e9 de 13,3% en 2020 par rapport \u00e0 l&rsquo;ann\u00e9e pr\u00e9c\u00e9dente, indique vendredi la Commission europ\u00e9enne.<\/p>\n<p class=\"rtejustify\">Selon l&rsquo;ex\u00e9cutif europ\u00e9en, cette r\u00e9duction globale r\u00e9sulte d&rsquo;une baisse de 11,2% des \u00e9missions des installations fixes et d&rsquo;une baisse extraordinaire de 64,1% des \u00e9missions de l&rsquo;aviation. Par ailleurs, le secteur de l&rsquo;\u00e9lectricit\u00e9 a connu une baisse de 14,9% des \u00e9missions, refl\u00e9tant \u00e0 la fois la r\u00e9duction de la consommation d&rsquo;\u00e9lectricit\u00e9 due \u00e0 la pand\u00e9mie et la transition entre la production d&rsquo;\u00e9lectricit\u00e9 \u00e0 partir du charbon vers celle \u00e0 base de gaz naturel, ainsi que le remplacement des combustibles fossiles par des sources d&rsquo;\u00e9nergie renouvelables. \u00ab\u00a0Si cette forte r\u00e9duction des \u00e9missions est en partie due \u00e0 la pand\u00e9mie de COVID-19, elle distingue le SEQE comme l&rsquo;un de nos outils de politique climatique les plus efficaces\u00a0\u00bb, s&rsquo;est f\u00e9licit\u00e9e la Commission.<\/p>\n<p class=\"rtejustify\">Elle rel\u00e8ve dans ce sens qu&rsquo;elle fera des propositions pour renforcer et \u00e9ventuellement \u00e9tendre le SEQE en juin, conform\u00e9ment \u00e0 \u00ab\u00a0l&rsquo;ambition climatique accrue\u00a0\u00bb de l&rsquo;UE. Le SEQE a \u00e9t\u00e9 cr\u00e9\u00e9 en 2005 afin d&rsquo;imposer un plafond d\u2019\u00e9missions aux secteurs tr\u00e8s \u00e9metteurs de l\u2019UE. En vertu de ce syst\u00e8me, qui repose sur un principe de plafonnement et d\u2019\u00e9change des droits d\u2019\u00e9mission, un plafond est fix\u00e9 pour limiter le niveau total de certains gaz \u00e0 effet de serre pouvant \u00eatre \u00e9mis par les installations couvertes par le SEQE.<\/p>\n<p class=\"rtejustify\">Ce plafond diminue progressivement afin de faire baisser le niveau total des \u00e9missions.<\/p>\n<p class=\"rtejustify\">\u00a0<\/p>\n<p>Auteur: mbasraoui<br \/>\n<a href=\"https:\/\/www.leconomiste.com\/flash-infos\/ue-les-emissions-de-gaz-effet-de-serre-en-baisse\">Cliquez ici pour lire l&rsquo;article depuis sa source.<\/a><\/p>\n","protected":false},"excerpt":{"rendered":"<p>Les \u00e9missions de gaz \u00e0 effet de serre des op\u00e9rateurs couverts par le syst\u00e8me d&rsquo;\u00e9change de quotas d&rsquo;\u00e9mission de l&rsquo;UE (SEQE-UE) ont diminu\u00e9 de 13,3% en 2020 par rapport \u00e0 l&rsquo;ann\u00e9e pr\u00e9c\u00e9dente, indique vendredi la Commission europ\u00e9enne. Selon l&rsquo;ex\u00e9cutif europ\u00e9en, cette r\u00e9duction globale r\u00e9sulte d&rsquo;une baisse de 11,2% des \u00e9missions des installations fixes et d&rsquo;une [&hellip;]<\/p>\n","protected":false},"author":1763,"featured_media":0,"comment_status":"closed","ping_status":"closed","sticky":false,"template":"","format":"standard","meta":{"fifu_image_url":"","fifu_image_alt":"","footnotes":""},"categories":[78,54],"tags":[],"class_list":["post-115035","post","type-post","status-publish","format-standard","hentry","category-economie","category-maroc"],"_links":{"self":[{"href":"https:\/\/linitiative.ca\/International\/wp-json\/wp\/v2\/posts\/115035","targetHints":{"allow":["GET"]}}],"collection":[{"href":"https:\/\/linitiative.ca\/International\/wp-json\/wp\/v2\/posts"}],"about":[{"href":"https:\/\/linitiative.ca\/International\/wp-json\/wp\/v2\/types\/post"}],"author":[{"embeddable":true,"href":"https:\/\/linitiative.ca\/International\/wp-json\/wp\/v2\/users\/1763"}],"replies":[{"embeddable":true,"href":"https:\/\/linitiative.ca\/International\/wp-json\/wp\/v2\/comments?post=115035"}],"version-history":[{"count":0,"href":"https:\/\/linitiative.ca\/International\/wp-json\/wp\/v2\/posts\/115035\/revisions"}],"wp:attachment":[{"href":"https:\/\/linitiative.ca\/International\/wp-json\/wp\/v2\/media?parent=115035"}],"wp:term":[{"taxonomy":"category","embeddable":true,"href":"https:\/\/linitiative.ca\/International\/wp-json\/wp\/v2\/categories?post=115035"},{"taxonomy":"post_tag","embeddable":true,"href":"https:\/\/linitiative.ca\/International\/wp-json\/wp\/v2\/tags?post=115035"}],"curies":[{"name":"wp","href":"https:\/\/api.w.org\/{rel}","templated":true}]}}