{"id":115036,"date":"2021-04-16T10:31:43","date_gmt":"2021-04-16T14:31:43","guid":{"rendered":"https:\/\/linitiative.ca\/International\/couverture-medicale-cpu-le-recensement-des-beneficiaires-demarre\/"},"modified":"2021-04-16T10:31:43","modified_gmt":"2021-04-16T14:31:43","slug":"couverture-medicale-cpu-le-recensement-des-beneficiaires-demarre","status":"publish","type":"post","link":"https:\/\/linitiative.ca\/International\/couverture-medicale-cpu-le-recensement-des-beneficiaires-demarre\/","title":{"rendered":"Couverture m\u00e9dicale\/CPU: Le recensement des b\u00e9n\u00e9ficiaires d\u00e9marre"},"content":{"rendered":"<p class=\"rtejustify\">Les professionnels, commer\u00e7ants et artisans ayant opt\u00e9 pour le r\u00e9gime de la contribution professionnelle unique (CPU) pourront, d\u00e8s lundi 19 avril, s\u2019inscrire sur le portail <a href=\"http:\/\/www.macnss.ma\">www.macnss.ma<\/a> et d\u00e9clarer les membres de leur famille (enfants et conjoints).<\/p>\n<p class=\"rtejustify\">A l\u2019image des salari\u00e9s du priv\u00e9, la couverture m\u00e9dicale de cette nouvelle cat\u00e9gorie de b\u00e9n\u00e9ficiaires d\u00e9marrera apr\u00e8s expiration des d\u00e9lais l\u00e9gaux relatif \u00e0 l\u2019assurance maladie obligatoire (Loi 98-15). Pour informer les usagers, la CNSS a r\u00e9alis\u00e9 une vid\u00e9o et un guide pratique qui peuvent \u00eatre consult\u00e9s via son site et les r\u00e9seaux sociaux.<\/p>\n<p class=\"rtejustify\">Un centre d\u2019appels a \u00e9galement \u00e9t\u00e9 mis \u00e0 leur disposition : 05 20 19 40 40.<\/p>\n<p class=\"rtejustify\"><em>H. E.<\/em><\/p>\n<p class=\"rtejustify\">\u00a0<\/p>\n<p>Auteur: mbasraoui<br \/>\n<a href=\"https:\/\/www.leconomiste.com\/flash-infos\/couverture-medicale-cpu-le-recensement-des-beneficiaires-demarre\">Cliquez ici pour lire l&rsquo;article depuis sa source.<\/a><\/p>\n","protected":false},"excerpt":{"rendered":"<p>Les professionnels, commer\u00e7ants et artisans ayant opt\u00e9 pour le r\u00e9gime de la contribution professionnelle unique (CPU) pourront, d\u00e8s lundi 19 avril, s\u2019inscrire sur le portail www.macnss.ma et d\u00e9clarer les membres de leur famille (enfants et conjoints). A l\u2019image des salari\u00e9s du priv\u00e9, la couverture m\u00e9dicale de cette nouvelle cat\u00e9gorie de b\u00e9n\u00e9ficiaires d\u00e9marrera apr\u00e8s expiration des [&hellip;]<\/p>\n","protected":false},"author":1763,"featured_media":0,"comment_status":"closed","ping_status":"closed","sticky":false,"template":"","format":"standard","meta":{"fifu_image_url":"","fifu_image_alt":"","footnotes":""},"categories":[78,54],"tags":[],"class_list":["post-115036","post","type-post","status-publish","format-standard","hentry","category-economie","category-maroc"],"_links":{"self":[{"href":"https:\/\/linitiative.ca\/International\/wp-json\/wp\/v2\/posts\/115036","targetHints":{"allow":["GET"]}}],"collection":[{"href":"https:\/\/linitiative.ca\/International\/wp-json\/wp\/v2\/posts"}],"about":[{"href":"https:\/\/linitiative.ca\/International\/wp-json\/wp\/v2\/types\/post"}],"author":[{"embeddable":true,"href":"https:\/\/linitiative.ca\/International\/wp-json\/wp\/v2\/users\/1763"}],"replies":[{"embeddable":true,"href":"https:\/\/linitiative.ca\/International\/wp-json\/wp\/v2\/comments?post=115036"}],"version-history":[{"count":0,"href":"https:\/\/linitiative.ca\/International\/wp-json\/wp\/v2\/posts\/115036\/revisions"}],"wp:attachment":[{"href":"https:\/\/linitiative.ca\/International\/wp-json\/wp\/v2\/media?parent=115036"}],"wp:term":[{"taxonomy":"category","embeddable":true,"href":"https:\/\/linitiative.ca\/International\/wp-json\/wp\/v2\/categories?post=115036"},{"taxonomy":"post_tag","embeddable":true,"href":"https:\/\/linitiative.ca\/International\/wp-json\/wp\/v2\/tags?post=115036"}],"curies":[{"name":"wp","href":"https:\/\/api.w.org\/{rel}","templated":true}]}}