{"id":115037,"date":"2021-04-16T11:22:11","date_gmt":"2021-04-16T15:22:11","guid":{"rendered":"https:\/\/linitiative.ca\/International\/astrazeneca-leurope-pourrait-ne-pas-renouveler-son-contrat-de-vaccins\/"},"modified":"2021-04-16T11:22:11","modified_gmt":"2021-04-16T15:22:11","slug":"astrazeneca-leurope-pourrait-ne-pas-renouveler-son-contrat-de-vaccins","status":"publish","type":"post","link":"https:\/\/linitiative.ca\/International\/astrazeneca-leurope-pourrait-ne-pas-renouveler-son-contrat-de-vaccins\/","title":{"rendered":"AstraZeneca: l&rsquo;Europe pourrait ne pas renouveler son contrat de vaccins"},"content":{"rendered":"<p class=\"rtejustify\">Il est probable que l&rsquo;Union europ\u00e9enne ne renouvelle pas ses contrats de vaccins contre le Covid-19 avec le groupe pharmaceutique AstraZeneca en 2022, selon la ministre fran\u00e7aise de l&rsquo;Industrie Agn\u00e8s Pannier-Runacher.<\/p>\n<p class=\"rtejustify\">\u00ab\u00a0La d\u00e9cision n&rsquo;est pas tranch\u00e9e\u00a0\u00bb, mais apr\u00e8s la d\u00e9cision du Danemark mercredi d&rsquo;abandonner ce vaccin, \u00ab\u00a0c&rsquo;est la plus grande probabilit\u00e9\u00a0\u00bb que l&rsquo;Europe ne fasse pas de nouvelles commandes, a d\u00e9clar\u00e9 la ministre sur la radio RMC vendredi matin. Dans son entourage, on pr\u00e9cise que la question europ\u00e9enne \u00e0 r\u00e9soudre n&rsquo;est \u00ab\u00a0pas du tout\u00a0\u00bb li\u00e9e \u00e0 la d\u00e9cision r\u00e9cente du Danemark: \u00ab\u00a0la question qui se pose est celle de savoir si on ren\u00e9gocie ou pas des contrats sign\u00e9s en 2020 et qui arriveront \u00e0 \u00e9ch\u00e9ance au 31 d\u00e9cembre 2021\u00a0\u00bb a indiqu\u00e9 un membre de son cabinet.<\/p>\n<p class=\"rtejustify\">Le contrat existant, couvrant toute l&rsquo;ann\u00e9e 2021, porte \u00e0 l&rsquo;\u00e9chelle de l&rsquo;Union europ\u00e9enne sur une commande ferme de 300 millions de doses AstraZeneca et une option de 100 millions de doses suppl\u00e9mentaires, a rappel\u00e9 le cabinet de la ministre. \u00ab\u00a0Nous n&rsquo;avons pas amorc\u00e9 de discussions avec Johnson &amp; Johnson et avec AstraZeneca pour un nouveau contrat, l\u00e0 ou nous avons d&rsquo;ores et d\u00e9j\u00e0 amorc\u00e9 des discussions avec Pfizer\/BioNTech et Moderna\u00a0\u00bb, a soulign\u00e9 la ministre \u00e0 la radio. \u00ab\u00a0Nous avons un portefeuille vaccinal avec ARN messager qui fonctionne tr\u00e8s bien et ont peu d&rsquo;effets secondaires, nous allons avoir des nouveaux vaccins, si tout va bien, Novavax, Sanofi, qui sont des prot\u00e9ines recombinantes qui ont de tr\u00e8s bons r\u00e9sultats et nous avons 50 ans de recul sur ce type de technologie\u00a0\u00bb, a-t-elle expliqu\u00e9.<\/p>\n<p class=\"rtejustify\">\u00ab\u00a0Ces vaccins vont arriver au deuxi\u00e8me semestre, donc nous allons voir beaucoup de doses sur diff\u00e9rentes plateformes permettant de r\u00e9pondre \u00e0 l&rsquo;ensemble des besoins\u00a0\u00bb, a-t-elle ajout\u00e9. La pr\u00e9sidente de la Commission europ\u00e9enne, Ursula von der Leyen, a fait valoir cette semaine que Pfizer-BioNTech s&rsquo;\u00e9tait \u00ab\u00a0r\u00e9v\u00e9l\u00e9 un partenaire fiable, qui a honor\u00e9 ses engagements et se montre r\u00e9actif face \u00e0 nos besoins\u00a0\u00bb, \u00e0 rebours des probl\u00e8mes de livraison d&rsquo;AstraZeneca, d\u00e9velopp\u00e9 avec l&rsquo;universit\u00e9 d&rsquo;Oxford.<\/p>\n<p class=\"rtejustify\">Le Danemark est devenu mercredi le premier pays europ\u00e9en \u00e0 annoncer l&rsquo;abandon du vaccin d&rsquo;AstraZeneca, justifiant ce choix par les effets secondaires \u00ab\u00a0rares\u00a0\u00bb mais \u00ab\u00a0graves\u00a0\u00bb malgr\u00e9 les feux verts du r\u00e9gulateur europ\u00e9en et de l&rsquo;OMS pour l&rsquo;utiliser.<\/p>\n<p class=\"rtejustify\">Le Danemark poursuit sa campagne d&rsquo;immunisation avec les seuls vaccins Pfizer\/BioNTech et Moderna.<\/p>\n<p class=\"rtejustify\">\u00a0<\/p>\n<p>Auteur: mbasraoui<br \/>\n<a href=\"https:\/\/www.leconomiste.com\/flash-infos\/astrazeneca-l-europe-pourrait-ne-pas-renouveler-son-contrat-de-vaccins\">Cliquez ici pour lire l&rsquo;article depuis sa source.<\/a><\/p>\n","protected":false},"excerpt":{"rendered":"<p>Il est probable que l&rsquo;Union europ\u00e9enne ne renouvelle pas ses contrats de vaccins contre le Covid-19 avec le groupe pharmaceutique AstraZeneca en 2022, selon la ministre fran\u00e7aise de l&rsquo;Industrie Agn\u00e8s Pannier-Runacher. \u00ab\u00a0La d\u00e9cision n&rsquo;est pas tranch\u00e9e\u00a0\u00bb, mais apr\u00e8s la d\u00e9cision du Danemark mercredi d&rsquo;abandonner ce vaccin, \u00ab\u00a0c&rsquo;est la plus grande probabilit\u00e9\u00a0\u00bb que l&rsquo;Europe ne fasse [&hellip;]<\/p>\n","protected":false},"author":1763,"featured_media":0,"comment_status":"closed","ping_status":"closed","sticky":false,"template":"","format":"standard","meta":{"fifu_image_url":"","fifu_image_alt":"","footnotes":""},"categories":[78,54],"tags":[],"class_list":["post-115037","post","type-post","status-publish","format-standard","hentry","category-economie","category-maroc"],"_links":{"self":[{"href":"https:\/\/linitiative.ca\/International\/wp-json\/wp\/v2\/posts\/115037","targetHints":{"allow":["GET"]}}],"collection":[{"href":"https:\/\/linitiative.ca\/International\/wp-json\/wp\/v2\/posts"}],"about":[{"href":"https:\/\/linitiative.ca\/International\/wp-json\/wp\/v2\/types\/post"}],"author":[{"embeddable":true,"href":"https:\/\/linitiative.ca\/International\/wp-json\/wp\/v2\/users\/1763"}],"replies":[{"embeddable":true,"href":"https:\/\/linitiative.ca\/International\/wp-json\/wp\/v2\/comments?post=115037"}],"version-history":[{"count":0,"href":"https:\/\/linitiative.ca\/International\/wp-json\/wp\/v2\/posts\/115037\/revisions"}],"wp:attachment":[{"href":"https:\/\/linitiative.ca\/International\/wp-json\/wp\/v2\/media?parent=115037"}],"wp:term":[{"taxonomy":"category","embeddable":true,"href":"https:\/\/linitiative.ca\/International\/wp-json\/wp\/v2\/categories?post=115037"},{"taxonomy":"post_tag","embeddable":true,"href":"https:\/\/linitiative.ca\/International\/wp-json\/wp\/v2\/tags?post=115037"}],"curies":[{"name":"wp","href":"https:\/\/api.w.org\/{rel}","templated":true}]}}