{"id":115040,"date":"2021-04-16T15:14:07","date_gmt":"2021-04-16T19:14:07","guid":{"rendered":"https:\/\/linitiative.ca\/International\/equipe-dalgerie-faf-charaf-eddine-amara-elu-nouveau-president\/"},"modified":"2021-04-16T15:14:07","modified_gmt":"2021-04-16T19:14:07","slug":"equipe-dalgerie-faf-charaf-eddine-amara-elu-nouveau-president","status":"publish","type":"post","link":"https:\/\/linitiative.ca\/International\/equipe-dalgerie-faf-charaf-eddine-amara-elu-nouveau-president\/","title":{"rendered":"Equipe d&rsquo;Alg\u00e9rie : FAF: Charaf-Eddine Amara \u00e9lu nouveau pr\u00e9sident"},"content":{"rendered":"<div readability=\"32\">\n<p>Auteur : <span>APS<\/span> <span class=\"time\">vendredi 16 avril 2021 17:13<\/span><\/p>\n<\/div>\n<div id=\"post_core\" readability=\"113\">\n<p>Le candidat unique \u00e0 la pr\u00e9sidence de la F\u00e9d\u00e9ration alg\u00e9rienne de football (FAF), Charaf-Eddine Amara a \u00e9t\u00e9 \u00e9lu \u00e0 la t\u00eate de l&rsquo;instance pour le mandat olympique 2021-2024, lors des travaux de l&rsquo;Assembl\u00e9e g\u00e9n\u00e9rale \u00e9lective (AGE) tenus jeudi soir dans un h\u00f4tel de la capitale. Sur un total de 88 membres votants, Amara a obtenu 75 voix favorables, contre 13 non favorables. Amara succ\u00e8de \u00e0 Kheireddine Zetchi, dont le mandat a expir\u00e9 et qui n\u2019a pas souhait\u00e9 se repr\u00e9senter pour un nouveau mandat \u00e0 la t\u00eate de la FAF.<\/p>\n<p><span class=\"c2\">Composante du nouveau bureau f\u00e9d\u00e9ral<\/span><\/p>\n<p>La composante du nouveau bureau f\u00e9d\u00e9ral de la F\u00e9d\u00e9ration alg\u00e9rienne de football pour le mandat olympique 2021-2025, \u00e0 l\u2019issue des travaux de l\u2019assembl\u00e9e g\u00e9n\u00e9rale \u00e9lective, tenus jeudi \u00e0 Alger:<\/p>\n<p>Poste de pr\u00e9sident:\u00a0Charaf-Eddine Amara<\/p>\n<p>Membres du bureau f\u00e9d\u00e9ral:\u00a0Mouldi A\u00efssaoui, Amar Bahloul, Yacine Benhamza, Rachid Gasmi, Mohamed Ghouti, Bachir Mansouri, Mohamed Maouche, Hakim Meddane, Rachid Oukali, Larbi Oumamar, Djilalli Touil et Nassiba Laghouati.<\/p>\n<p>Membres suppl\u00e9ants:\u00a0Mohamed Douas, Ahmed Kharchi, Baghdad Mebarki, Slimane Yamani et Fadila Chachoua.<\/p>\n<p><span class=\"c2\">Les pr\u00e9sidents de la FAF depuis 1962<\/span><\/p>\n<p>Les pr\u00e9sidents de la F\u00e9d\u00e9ration alg\u00e9rienne de football (FAF) depuis la cr\u00e9ation de l&rsquo;instance f\u00e9d\u00e9rale le 21 octobre 1962 jusqu&rsquo;\u00e0 l&rsquo;\u00e9lection de Charaf-Eddine Amara<\/p>\n<p>Mohand Maouche: d&rsquo;octobre 1962 \u00e0 octobre 1969.<\/p>\n<p>Mustapha Benaouniche: d\u2019octobre 1969 \u00e0 juillet 1973.<\/p>\n<p>Amar Benadouda: de juillet 1973 \u00e0 mai 1975.<\/p>\n<p>Abdennour Bekka: d\u2019ao\u00fbt 1975 \u00e0 janvier 1978.<\/p>\n<p>Mohamed Kara-Terki: de janvier 1978 \u00e0 octobre 1980.<\/p>\n<p>Benali Hadj Sekkal: de novembre 1980 \u00e0 novembre 1982.<\/p>\n<p>Omar Kezzal: de novembre 1982 \u00e0 avril 1984, de juillet 1989 \u00e0 novembre 1992 et d\u2019avril 2000 \u00e0 ao\u00fbt 2001.<\/p>\n<p>Issad Dhomar: de mai 1984 \u00e0 avril 1986.<\/p>\n<p>Bela\u00efd Lacarne: de septembre 1987 \u00e0 octobre 1988.<\/p>\n<p>Mouldi A\u00efssaoui: de septembre 1993 \u00e0 juillet 1994.<\/p>\n<p>Rachid Harra\u00efgue: de juillet 1994 \u00e0 janvier 1995.<\/p>\n<p>Mohamed La\u00efb: d\u2019ao\u00fbt 1996 \u00e0 d\u00e9cembre 1996.<\/p>\n<p>Mohamed Diabi: de novembre 1997 \u00e0 juin 1999.<\/p>\n<p>Mohamed Raouraoua: de novembre 2001 \u00e0 janvier 2006, de f\u00e9vrier 2009 \u00e0 f\u00e9vrier 2013 et de mars 2013 \u00e0 f\u00e9vrier 2017.<\/p>\n<p>Hamid Haddadj: de janvier 2006 \u00e0 f\u00e9vrier 2009.<\/p>\n<p>Khe\u00efreddine Zetchi: de mars 2017 \u00e0 avril 2021.<\/p>\n<p>Charaf-Eddine Amara: d&rsquo;avril 2021 \u00e0 2025.<\/p>\n<p><strong>Publi\u00e9 dans :<\/strong> <span>Amara<\/span><\/p>\n<\/div>\n<p>Auteur:<br \/>\n<a href=\"http:\/\/www.lebuteur.com\/article\/detail?titre=faf-charaf-eddine-amara-elu-nouveau-president&#038;id=99732&#038;utm_source=feedburner&#038;utm_medium=feed&#038;utm_campaign=Feed%3A+GalerieFArtciles+%28Les+derniers+articles++-+lebuteur.com%29\">Cliquez ici pour lire l&rsquo;article depuis sa source.<\/a><\/p>\n","protected":false},"excerpt":{"rendered":"<p>Auteur : APS vendredi 16 avril 2021 17:13 Le candidat unique \u00e0 la pr\u00e9sidence de la F\u00e9d\u00e9ration alg\u00e9rienne de football (FAF), Charaf-Eddine Amara a \u00e9t\u00e9 \u00e9lu \u00e0 la t\u00eate de l&rsquo;instance pour le mandat olympique 2021-2024, lors des travaux de l&rsquo;Assembl\u00e9e g\u00e9n\u00e9rale \u00e9lective (AGE) tenus jeudi soir dans un h\u00f4tel de la capitale. Sur un [&hellip;]<\/p>\n","protected":false},"author":1738,"featured_media":0,"comment_status":"closed","ping_status":"closed","sticky":false,"template":"","format":"standard","meta":{"fifu_image_url":"\/\/cdn.lebuteur.com\/data\/images\/article\/thumbs\/large-charaf-eddine-amara-nouveau-president-de-la-faf-b4576.jpg","fifu_image_alt":"Equipe d'Alg\u00e9rie : FAF: Charaf-Eddine Amara \u00e9lu nouveau pr\u00e9sident","footnotes":""},"categories":[53,75],"tags":[],"class_list":["post-115040","post","type-post","status-publish","format-standard","hentry","category-algerie","category-sport"],"_links":{"self":[{"href":"https:\/\/linitiative.ca\/International\/wp-json\/wp\/v2\/posts\/115040","targetHints":{"allow":["GET"]}}],"collection":[{"href":"https:\/\/linitiative.ca\/International\/wp-json\/wp\/v2\/posts"}],"about":[{"href":"https:\/\/linitiative.ca\/International\/wp-json\/wp\/v2\/types\/post"}],"author":[{"embeddable":true,"href":"https:\/\/linitiative.ca\/International\/wp-json\/wp\/v2\/users\/1738"}],"replies":[{"embeddable":true,"href":"https:\/\/linitiative.ca\/International\/wp-json\/wp\/v2\/comments?post=115040"}],"version-history":[{"count":0,"href":"https:\/\/linitiative.ca\/International\/wp-json\/wp\/v2\/posts\/115040\/revisions"}],"wp:attachment":[{"href":"https:\/\/linitiative.ca\/International\/wp-json\/wp\/v2\/media?parent=115040"}],"wp:term":[{"taxonomy":"category","embeddable":true,"href":"https:\/\/linitiative.ca\/International\/wp-json\/wp\/v2\/categories?post=115040"},{"taxonomy":"post_tag","embeddable":true,"href":"https:\/\/linitiative.ca\/International\/wp-json\/wp\/v2\/tags?post=115040"}],"curies":[{"name":"wp","href":"https:\/\/api.w.org\/{rel}","templated":true}]}}