{"id":115041,"date":"2021-04-16T15:14:10","date_gmt":"2021-04-16T19:14:10","guid":{"rendered":"https:\/\/linitiative.ca\/International\/international-chiellini-ne-veut-pas-etre-un-probleme-pour-la-juventus\/"},"modified":"2021-04-16T15:14:10","modified_gmt":"2021-04-16T19:14:10","slug":"international-chiellini-ne-veut-pas-etre-un-probleme-pour-la-juventus","status":"publish","type":"post","link":"https:\/\/linitiative.ca\/International\/international-chiellini-ne-veut-pas-etre-un-probleme-pour-la-juventus\/","title":{"rendered":"International : Chiellini ne veut pas \u00eatre un probl\u00e8me pour la Juventus"},"content":{"rendered":"<div readability=\"32\">\n<p>Auteur : <span class=\"time\">vendredi 16 avril 2021 18:55<\/span><\/p>\n<\/div>\n<div id=\"post_core\" readability=\"47\">\n<p>Le contrat du d\u00e9fenseur et capitaine bianconero prendra fin le 30 juin. Si on ne sait pas encore s&rsquo;il poursuivra pour une ann\u00e9e suppl\u00e9mentaire, Giorgio ne se voit dans tous les cas par dans un autre club: \u00ab\u00a0En tout cas pas en Italie et en Europe. Mais ce n&rsquo;est pas un sujet d&rsquo;actualit\u00e9 car pour l&rsquo;instant je suis concentr\u00e9 sur Muriel, Zapata et Malinovskyi. Je pense \u00e0 beaucoup d&rsquo;autres choses, pour le reste nous verrons plus tard.\u00a0\u00bb<\/p>\n<p>Un futur incertain donc, tout comme celui de Gianluigi Buffon. Deux embl\u00e8mes du club, qui ne repr\u00e9senteront jamais un probl\u00e8me pour la Juventus: \u00ab\u00a0Gigi et moi nous n&rsquo;avons jamais \u00e9t\u00e9 un probl\u00e8me, nous ne le sommes pas et nous ne le serons jamais.\u00a0\u00bb Source : Juventus-fr.<\/p>\n<p><strong>Publi\u00e9 dans :<\/strong> <span>juventus<\/span> <span>Chiellini<\/span><\/p>\n<\/div>\n<p>Auteur:<br \/>\n<a href=\"http:\/\/www.lebuteur.com\/article\/detail?titre=chiellini-ne-veut-pas-etre-un-probleme-pour-la-juventus&#038;id=99738&#038;utm_source=feedburner&#038;utm_medium=feed&#038;utm_campaign=Feed%3A+GalerieFArtciles+%28Les+derniers+articles++-+lebuteur.com%29\">Cliquez ici pour lire l&rsquo;article depuis sa source.<\/a><\/p>\n","protected":false},"excerpt":{"rendered":"<p>Auteur : vendredi 16 avril 2021 18:55 Le contrat du d\u00e9fenseur et capitaine bianconero prendra fin le 30 juin. Si on ne sait pas encore s&rsquo;il poursuivra pour une ann\u00e9e suppl\u00e9mentaire, Giorgio ne se voit dans tous les cas par dans un autre club: \u00ab\u00a0En tout cas pas en Italie et en Europe. Mais ce [&hellip;]<\/p>\n","protected":false},"author":1738,"featured_media":0,"comment_status":"closed","ping_status":"closed","sticky":false,"template":"","format":"standard","meta":{"fifu_image_url":"\/\/cdn.lebuteur.com\/data\/images\/article\/thumbs\/large-chiellini-ne-veut-pas-etre-un-probleme-pour-la-juventus-63b8e.jpg","fifu_image_alt":"International : Chiellini ne veut pas \u00eatre un probl\u00e8me pour la Juventus","footnotes":""},"categories":[53,75],"tags":[],"class_list":["post-115041","post","type-post","status-publish","format-standard","hentry","category-algerie","category-sport"],"_links":{"self":[{"href":"https:\/\/linitiative.ca\/International\/wp-json\/wp\/v2\/posts\/115041","targetHints":{"allow":["GET"]}}],"collection":[{"href":"https:\/\/linitiative.ca\/International\/wp-json\/wp\/v2\/posts"}],"about":[{"href":"https:\/\/linitiative.ca\/International\/wp-json\/wp\/v2\/types\/post"}],"author":[{"embeddable":true,"href":"https:\/\/linitiative.ca\/International\/wp-json\/wp\/v2\/users\/1738"}],"replies":[{"embeddable":true,"href":"https:\/\/linitiative.ca\/International\/wp-json\/wp\/v2\/comments?post=115041"}],"version-history":[{"count":0,"href":"https:\/\/linitiative.ca\/International\/wp-json\/wp\/v2\/posts\/115041\/revisions"}],"wp:attachment":[{"href":"https:\/\/linitiative.ca\/International\/wp-json\/wp\/v2\/media?parent=115041"}],"wp:term":[{"taxonomy":"category","embeddable":true,"href":"https:\/\/linitiative.ca\/International\/wp-json\/wp\/v2\/categories?post=115041"},{"taxonomy":"post_tag","embeddable":true,"href":"https:\/\/linitiative.ca\/International\/wp-json\/wp\/v2\/tags?post=115041"}],"curies":[{"name":"wp","href":"https:\/\/api.w.org\/{rel}","templated":true}]}}