{"id":115042,"date":"2021-04-16T15:14:12","date_gmt":"2021-04-16T19:14:12","guid":{"rendered":"https:\/\/linitiative.ca\/International\/international-barca-une-offre-serait-sur-la-table-pour-messi-mais\/"},"modified":"2021-04-16T15:14:12","modified_gmt":"2021-04-16T19:14:12","slug":"international-barca-une-offre-serait-sur-la-table-pour-messi-mais","status":"publish","type":"post","link":"https:\/\/linitiative.ca\/International\/international-barca-une-offre-serait-sur-la-table-pour-messi-mais\/","title":{"rendered":"International : Bar\u00e7a : Une offre serait sur la table pour Messi, mais&#8230;"},"content":{"rendered":"<div readability=\"32\">\n<p>Auteur : <span class=\"time\">vendredi 16 avril 2021 19:05<\/span><\/p>\n<\/div>\n<div id=\"post_core\" readability=\"59\">\n<p>En effet, selon les informations de RAC1, la direction barcelonaise est pass\u00e9e \u00e0 l\u2019action et a soumis une premi\u00e8re offre \u00e0 Messi pour prolonger. Dans les faits, pas s\u00fbr que cette offre ne convienne au clan de l\u2019Argentin comme l&rsquo;indique Goal.<\/p>\n<p>Pourquoi ? Tout simplement parce que Laporta aimerait que Messi baisse son salaire astronomique. Quand on souhaite retenir \u00e0 tout prix un joueur, lui offrir moins d\u2019argent ne semble pas \u00eatre la meilleure strat\u00e9gie.\u00a0<\/p>\n<p>Or, Laporta a une id\u00e9e derri\u00e8re la t\u00eate puisque le salaire de Messi varierait en fonction de la situation \u00e9conomique du Bar\u00e7a. En gros, si les Blaugrana retrouvent des comptes dans le vert, le salaire de Messi augmentera de son c\u00f4t\u00e9.<\/p>\n<p>Un deuxi\u00e8me point a \u00e9t\u00e9 introduit dans la proposition, \u00e0 savoir celui du futur de Messi dans le club. Non pas en tant que joueur mais pour son apr\u00e8s-carri\u00e8re. L\u2019international albiceleste se verrait offrir un r\u00f4le d\u2019ambassadeur, histoire de continuer l\u2019aventure avec le Bar\u00e7a sans avoir \u00e0 \u00eatre sur les terrains comme un coach ou un directeur sportif. Connaissant le caract\u00e8re plut\u00f4t discret du joueur, l\u2019id\u00e9e ne serait pas pour lui d\u00e9plaire.<\/p>\n<p><strong>Publi\u00e9 dans :<\/strong> <span>fc barcelone<\/span><\/p>\n<\/div>\n<p>Auteur:<br \/>\n<a href=\"http:\/\/www.lebuteur.com\/article\/detail?titre=barca-une-offre-serait-sur-la-table-pour-messi-mais&#038;id=99739&#038;utm_source=feedburner&#038;utm_medium=feed&#038;utm_campaign=Feed%3A+GalerieFArtciles+%28Les+derniers+articles++-+lebuteur.com%29\">Cliquez ici pour lire l&rsquo;article depuis sa source.<\/a><\/p>\n","protected":false},"excerpt":{"rendered":"<p>Auteur : vendredi 16 avril 2021 19:05 En effet, selon les informations de RAC1, la direction barcelonaise est pass\u00e9e \u00e0 l\u2019action et a soumis une premi\u00e8re offre \u00e0 Messi pour prolonger. Dans les faits, pas s\u00fbr que cette offre ne convienne au clan de l\u2019Argentin comme l&rsquo;indique Goal. Pourquoi ? Tout simplement parce que Laporta [&hellip;]<\/p>\n","protected":false},"author":1738,"featured_media":0,"comment_status":"closed","ping_status":"closed","sticky":false,"template":"","format":"standard","meta":{"fifu_image_url":"\/\/cdn.lebuteur.com\/data\/images\/article\/thumbs\/large-barca-une-offre-serait-sur-la-table-pour-messi-mais-dd736.jpg","fifu_image_alt":"International : Bar\u00e7a : Une offre serait sur la table pour Messi, mais...","footnotes":""},"categories":[53,75],"tags":[],"class_list":["post-115042","post","type-post","status-publish","format-standard","hentry","category-algerie","category-sport"],"_links":{"self":[{"href":"https:\/\/linitiative.ca\/International\/wp-json\/wp\/v2\/posts\/115042","targetHints":{"allow":["GET"]}}],"collection":[{"href":"https:\/\/linitiative.ca\/International\/wp-json\/wp\/v2\/posts"}],"about":[{"href":"https:\/\/linitiative.ca\/International\/wp-json\/wp\/v2\/types\/post"}],"author":[{"embeddable":true,"href":"https:\/\/linitiative.ca\/International\/wp-json\/wp\/v2\/users\/1738"}],"replies":[{"embeddable":true,"href":"https:\/\/linitiative.ca\/International\/wp-json\/wp\/v2\/comments?post=115042"}],"version-history":[{"count":0,"href":"https:\/\/linitiative.ca\/International\/wp-json\/wp\/v2\/posts\/115042\/revisions"}],"wp:attachment":[{"href":"https:\/\/linitiative.ca\/International\/wp-json\/wp\/v2\/media?parent=115042"}],"wp:term":[{"taxonomy":"category","embeddable":true,"href":"https:\/\/linitiative.ca\/International\/wp-json\/wp\/v2\/categories?post=115042"},{"taxonomy":"post_tag","embeddable":true,"href":"https:\/\/linitiative.ca\/International\/wp-json\/wp\/v2\/tags?post=115042"}],"curies":[{"name":"wp","href":"https:\/\/api.w.org\/{rel}","templated":true}]}}