{"id":115043,"date":"2021-04-16T15:14:14","date_gmt":"2021-04-16T19:14:14","guid":{"rendered":"https:\/\/linitiative.ca\/International\/pros-nice-atal-et-boudaoui-retrouvent-le-groupe-face-a-dijon\/"},"modified":"2021-04-16T15:14:14","modified_gmt":"2021-04-16T19:14:14","slug":"pros-nice-atal-et-boudaoui-retrouvent-le-groupe-face-a-dijon","status":"publish","type":"post","link":"https:\/\/linitiative.ca\/International\/pros-nice-atal-et-boudaoui-retrouvent-le-groupe-face-a-dijon\/","title":{"rendered":"Pros : Nice : Atal et Boudaoui retrouvent le groupe face \u00e0 Dijon"},"content":{"rendered":"<div readability=\"32\">\n<p>Auteur : <span class=\"time\">vendredi 16 avril 2021 19:20<\/span><\/p>\n<\/div>\n<div id=\"post_core\" readability=\"41\">\n<p>L&rsquo;entraineur ni\u00e7ois Adrian Ursea a expliqu\u00e9 que Youcef Atal et Hicham Boudaoui vont pouvoir r\u00e9int\u00e9grer le groupe face \u00e0 Dijon : \u00ab\u00a0Ils reviennent, s&rsquo;est r\u00e9joui\u00a0le coach azur\u00e9en.\u00a0On les a r\u00e9cup\u00e9r\u00e9s cette semaine, ils seront certainement dans le groupe,\u00a0on va pouvoir compter sur eux. Hicham \u00e9tait touch\u00e9 au m\u00e9nisque, mais c\u2019\u00e9tait une probl\u00e9matique diff\u00e9rente que lors de sa premi\u00e8re blessure, c&rsquo;est pour cela que le d\u00e9lai a \u00e9t\u00e9 un peu plus rapide.\u00a0\u00c7a fait du bien de pouvoir r\u00e9cup\u00e9rer des joueurs valides, m\u00eame s&rsquo;ils ne seront pas titulaires\u00a0\u00bb. Des propos relay\u00e9s par ogcnice.com.<\/p>\n<p><strong>Publi\u00e9 dans :<\/strong> <span>Nice<\/span><\/p>\n<\/div>\n<p>Auteur:<br \/>\n<a href=\"http:\/\/www.lebuteur.com\/article\/detail?titre=nice-atal-et-boudaoui-retrouvent-le-groupe-face-a-dijon&#038;id=99740&#038;utm_source=feedburner&#038;utm_medium=feed&#038;utm_campaign=Feed%3A+GalerieFArtciles+%28Les+derniers+articles++-+lebuteur.com%29\">Cliquez ici pour lire l&rsquo;article depuis sa source.<\/a><\/p>\n","protected":false},"excerpt":{"rendered":"<p>Auteur : vendredi 16 avril 2021 19:20 L&rsquo;entraineur ni\u00e7ois Adrian Ursea a expliqu\u00e9 que Youcef Atal et Hicham Boudaoui vont pouvoir r\u00e9int\u00e9grer le groupe face \u00e0 Dijon : \u00ab\u00a0Ils reviennent, s&rsquo;est r\u00e9joui\u00a0le coach azur\u00e9en.\u00a0On les a r\u00e9cup\u00e9r\u00e9s cette semaine, ils seront certainement dans le groupe,\u00a0on va pouvoir compter sur eux. Hicham \u00e9tait touch\u00e9 au m\u00e9nisque, [&hellip;]<\/p>\n","protected":false},"author":1738,"featured_media":0,"comment_status":"closed","ping_status":"closed","sticky":false,"template":"","format":"standard","meta":{"fifu_image_url":"\/\/cdn.lebuteur.com\/data\/images\/article\/thumbs\/large-nice-atal-et-boudaoui-retrouvent-le-groupe-face-a-dijon-887e1.png","fifu_image_alt":"Pros : Nice : Atal et Boudaoui retrouvent le groupe face \u00e0 Dijon","footnotes":""},"categories":[53,75],"tags":[],"class_list":["post-115043","post","type-post","status-publish","format-standard","hentry","category-algerie","category-sport"],"_links":{"self":[{"href":"https:\/\/linitiative.ca\/International\/wp-json\/wp\/v2\/posts\/115043","targetHints":{"allow":["GET"]}}],"collection":[{"href":"https:\/\/linitiative.ca\/International\/wp-json\/wp\/v2\/posts"}],"about":[{"href":"https:\/\/linitiative.ca\/International\/wp-json\/wp\/v2\/types\/post"}],"author":[{"embeddable":true,"href":"https:\/\/linitiative.ca\/International\/wp-json\/wp\/v2\/users\/1738"}],"replies":[{"embeddable":true,"href":"https:\/\/linitiative.ca\/International\/wp-json\/wp\/v2\/comments?post=115043"}],"version-history":[{"count":0,"href":"https:\/\/linitiative.ca\/International\/wp-json\/wp\/v2\/posts\/115043\/revisions"}],"wp:attachment":[{"href":"https:\/\/linitiative.ca\/International\/wp-json\/wp\/v2\/media?parent=115043"}],"wp:term":[{"taxonomy":"category","embeddable":true,"href":"https:\/\/linitiative.ca\/International\/wp-json\/wp\/v2\/categories?post=115043"},{"taxonomy":"post_tag","embeddable":true,"href":"https:\/\/linitiative.ca\/International\/wp-json\/wp\/v2\/tags?post=115043"}],"curies":[{"name":"wp","href":"https:\/\/api.w.org\/{rel}","templated":true}]}}