{"id":115044,"date":"2021-04-16T15:14:17","date_gmt":"2021-04-16T19:14:17","guid":{"rendered":"https:\/\/linitiative.ca\/International\/pros-benrahma-presente-un-maillot-collector-de-west-ham-photos\/"},"modified":"2021-04-16T15:14:17","modified_gmt":"2021-04-16T19:14:17","slug":"pros-benrahma-presente-un-maillot-collector-de-west-ham-photos","status":"publish","type":"post","link":"https:\/\/linitiative.ca\/International\/pros-benrahma-presente-un-maillot-collector-de-west-ham-photos\/","title":{"rendered":"Pros : Benrahma pr\u00e9sente un maillot collector de West Ham (Photos)"},"content":{"rendered":"<div readability=\"32\">\n<p>Auteur : <span class=\"time\">vendredi 16 avril 2021 19:54<\/span><\/p>\n<\/div>\n<div id=\"post_core\" readability=\"40\">\n<p>West Ham United vient de d\u00e9voiler le maillot fruit de son association avec le groupe de heavy metal Iron Maiden comme l&rsquo;indique Footpack.<\/p>\n<p>V\u00e9ritable pi\u00e8ce collector, ce maillot ne b\u00e9n\u00e9ficiera en revanche pas d\u2019une visibilit\u00e9 forte puisque la tenue ne sera pas port\u00e9e durant un match dans les jours \u00e0 venir. En effet, le maillot a \u00e9t\u00e9 confectionn\u00e9 en dehors du cadre d\u2019\u00e9quipementier d\u2019Umbro et n\u2019est donc pas consid\u00e9r\u00e9 comme un maillot du club a proprement parl\u00e9.<\/p>\n<p><img decoding=\"async\" alt=\"\" src=\"https:\/\/www.footpack.fr\/wp-content\/uploads\/2021\/04\/maillot-west-ham-united-iron-maiden-1.jpeg\" class=\"c2\"\/><\/p>\n<p><img decoding=\"async\" alt=\"\" src=\"https:\/\/www.footpack.fr\/wp-content\/uploads\/2021\/04\/maillot-west-ham-united-iron-maiden-2.jpeg\" class=\"c2\"\/><\/p>\n<p><strong>Publi\u00e9 dans :<\/strong> <span>Benrahma<\/span><\/p>\n<\/div>\n<p>Auteur:<br \/>\n<a href=\"http:\/\/www.lebuteur.com\/article\/detail?titre=benrahma-presente-un-maillot-collector-de-west-ham-photos&#038;id=99741&#038;utm_source=feedburner&#038;utm_medium=feed&#038;utm_campaign=Feed%3A+GalerieFArtciles+%28Les+derniers+articles++-+lebuteur.com%29\">Cliquez ici pour lire l&rsquo;article depuis sa source.<\/a><\/p>\n","protected":false},"excerpt":{"rendered":"<p>Auteur : vendredi 16 avril 2021 19:54 West Ham United vient de d\u00e9voiler le maillot fruit de son association avec le groupe de heavy metal Iron Maiden comme l&rsquo;indique Footpack. V\u00e9ritable pi\u00e8ce collector, ce maillot ne b\u00e9n\u00e9ficiera en revanche pas d\u2019une visibilit\u00e9 forte puisque la tenue ne sera pas port\u00e9e durant un match dans les [&hellip;]<\/p>\n","protected":false},"author":1738,"featured_media":0,"comment_status":"closed","ping_status":"closed","sticky":false,"template":"","format":"standard","meta":{"fifu_image_url":"\/\/cdn.lebuteur.com\/data\/images\/article\/thumbs\/large-benrahma-presente-un-maillot-collector-de-west-ham-photos-58893.jpg","fifu_image_alt":"Pros : Benrahma pr\u00e9sente un maillot collector de West Ham (Photos)","footnotes":""},"categories":[53,75],"tags":[],"class_list":["post-115044","post","type-post","status-publish","format-standard","hentry","category-algerie","category-sport"],"_links":{"self":[{"href":"https:\/\/linitiative.ca\/International\/wp-json\/wp\/v2\/posts\/115044","targetHints":{"allow":["GET"]}}],"collection":[{"href":"https:\/\/linitiative.ca\/International\/wp-json\/wp\/v2\/posts"}],"about":[{"href":"https:\/\/linitiative.ca\/International\/wp-json\/wp\/v2\/types\/post"}],"author":[{"embeddable":true,"href":"https:\/\/linitiative.ca\/International\/wp-json\/wp\/v2\/users\/1738"}],"replies":[{"embeddable":true,"href":"https:\/\/linitiative.ca\/International\/wp-json\/wp\/v2\/comments?post=115044"}],"version-history":[{"count":0,"href":"https:\/\/linitiative.ca\/International\/wp-json\/wp\/v2\/posts\/115044\/revisions"}],"wp:attachment":[{"href":"https:\/\/linitiative.ca\/International\/wp-json\/wp\/v2\/media?parent=115044"}],"wp:term":[{"taxonomy":"category","embeddable":true,"href":"https:\/\/linitiative.ca\/International\/wp-json\/wp\/v2\/categories?post=115044"},{"taxonomy":"post_tag","embeddable":true,"href":"https:\/\/linitiative.ca\/International\/wp-json\/wp\/v2\/tags?post=115044"}],"curies":[{"name":"wp","href":"https:\/\/api.w.org\/{rel}","templated":true}]}}