{"id":115049,"date":"2021-04-16T10:48:24","date_gmt":"2021-04-16T14:48:24","guid":{"rendered":"https:\/\/linitiative.ca\/International\/action-publique-africa-business-school-lance-la-2eme-edition-de-son-mastere-specialise\/"},"modified":"2021-04-16T10:48:24","modified_gmt":"2021-04-16T14:48:24","slug":"action-publique-africa-business-school-lance-la-2eme-edition-de-son-mastere-specialise","status":"publish","type":"post","link":"https:\/\/linitiative.ca\/International\/action-publique-africa-business-school-lance-la-2eme-edition-de-son-mastere-specialise\/","title":{"rendered":"Action Publique : Africa Business School lance la 2\u00e8me \u00e9dition de son Mast\u00e8re Sp\u00e9cialis\u00e9"},"content":{"rendered":"<p><strong>Africa Business School, \u00e9cole d\u2019excellence au sein de l\u2019Universit\u00e9 Mohammed VI Polytechnique (UM6P), lance la deuxi\u00e8me \u00e9dition de son programme Mast\u00e8re Sp\u00e9cialis\u00e9\u00a0Action Publique Avanc\u00e9e Maroc (MAPA-M).<\/strong><\/p>\n<div class=\"c10\">\n<\/div>\n<p>Il s\u2019agit d\u2019un programme qui a \u00e9t\u00e9 con\u00e7u en partenariat avec l\u2019\u00c9cole des Ponts ParisTech. Africa Business School pr\u00e9cise que le Mast\u00e8re Sp\u00e9cialis\u00e9\u00a0Action Publique Avanc\u00e9e Maroc (MAPA-M) marque une collaboration forte avec les administrations marocaines \u00e0 l\u2019heure de renouveau de l\u2019Action Publique. \u00ab\u00a0Afin d\u2019accompagner la dynamique en cours et face \u00e0 la multitude et la complexit\u00e9 des d\u00e9fis que notre pays doit relever, Africa Business School, \u00e0 travers le programme de formation MAPA-M, donne du sens \u00e0 l\u2019action publique et favorise l\u2019appropriation des valeurs, principes et responsabilit\u00e9s propres \u00e0 celle-ci, au meilleur service des citoyennes et des citoyens\u00a0\u00bb, souligne Africa Business School.<\/p>\n<p><strong>Lire aussi| <a href=\"https:\/\/www.challenge.ma\/bank-al-maghrib-lance-le-service-de-centralisation-des-cheques-irreguliers-181687\/\">Bank Al-Maghrib lance le service de centralisation des ch\u00e8ques irr\u00e9guliers<\/a><\/strong><\/p>\n<p>On apprend que le MAPA-M s\u2019appuie sur l\u2019expertise conjugu\u00e9e de ParisTech, d\u2019enseignants-chercheurs et de praticiens marocains investis dans les probl\u00e9matiques du d\u00e9veloppement national et anim\u00e9s par la volont\u00e9 de l\u2019UM6P de mettre celle-ci au service des cadres sup\u00e9rieurs marocains et africains, aussi bien pour le secteur public que pour le secteur priv\u00e9. Notons que la p\u00e9dagogie repose sur un enseignement acad\u00e9mique pluridisciplinaire et professionnalisant, des travaux de groupe et une mission en prise directe avec les r\u00e9alit\u00e9s et les \u00e9volutions de l\u2019Action publique. De m\u00eame, les cours et s\u00e9minaires sont anim\u00e9s par des enseignants-chercheurs et experts reconnus qui placent chaque enseignement dans le contexte marocain aussi bien au niveau national que local.<\/p>\n<p><strong>Lire aussi| <a href=\"https:\/\/www.challenge.ma\/coronavirus-le-maroc-suspend-ses-liaisons-aeriennes-avec-13-nouveaux-pays-181759\/\">Coronavirus : le Maroc suspend ses liaisons a\u00e9riennes avec 13 nouveaux pays<\/a><\/strong><\/p>\n<p>\u00ab\u00a0Ce programme met l\u2019exigence scientifique au service de l\u2019action publique et vise \u00e0 former de futur(e)s cadres et sp\u00e9cialistes de l\u2019action publique au service du d\u00e9veloppement soutenable et inclusif, en mesure d\u2019apporter des savoirs et savoir-faire pour permettre \u00e0 des institutions, des organisations internationales, des associations ou des groupements d\u2019int\u00e9r\u00eat de prendre des d\u00e9cisions \u00e9quilibr\u00e9es et coh\u00e9rentes avec les moyens et les objectifs retenus\u00a0\u00bb, pr\u00e9cise-t-on. Force est de pr\u00e9ciser que la formation se d\u00e9roule sur 20 mois en alternance (format Executive) et que les participants sont mobilis\u00e9s \u00e0 hauteur de 20% de leur temps en p\u00e9riode de cours et terminent leur formation par une mission professionnelle de 4 mois.<\/p>\n<p>Auteur: challenge<br \/>\n<a href=\"https:\/\/www.challenge.ma\/action-publique-africa-business-school-lance-la-2eme-edition-de-son-mastere-specialise-181820\/\">Cliquez ici pour lire l&rsquo;article depuis sa source.<\/a><\/p>\n","protected":false},"excerpt":{"rendered":"<p>Africa Business School, \u00e9cole d\u2019excellence au sein de l\u2019Universit\u00e9 Mohammed VI Polytechnique (UM6P), lance la deuxi\u00e8me \u00e9dition de son programme Mast\u00e8re Sp\u00e9cialis\u00e9\u00a0Action Publique Avanc\u00e9e Maroc (MAPA-M). Il s\u2019agit d\u2019un programme qui a \u00e9t\u00e9 con\u00e7u en partenariat avec l\u2019\u00c9cole des Ponts ParisTech. Africa Business School pr\u00e9cise que le Mast\u00e8re Sp\u00e9cialis\u00e9\u00a0Action Publique Avanc\u00e9e Maroc (MAPA-M) marque une [&hellip;]<\/p>\n","protected":false},"author":1787,"featured_media":0,"comment_status":"closed","ping_status":"closed","sticky":false,"template":"","format":"standard","meta":{"fifu_image_url":"","fifu_image_alt":"","footnotes":""},"categories":[78,54],"tags":[],"class_list":["post-115049","post","type-post","status-publish","format-standard","hentry","category-economie","category-maroc"],"_links":{"self":[{"href":"https:\/\/linitiative.ca\/International\/wp-json\/wp\/v2\/posts\/115049","targetHints":{"allow":["GET"]}}],"collection":[{"href":"https:\/\/linitiative.ca\/International\/wp-json\/wp\/v2\/posts"}],"about":[{"href":"https:\/\/linitiative.ca\/International\/wp-json\/wp\/v2\/types\/post"}],"author":[{"embeddable":true,"href":"https:\/\/linitiative.ca\/International\/wp-json\/wp\/v2\/users\/1787"}],"replies":[{"embeddable":true,"href":"https:\/\/linitiative.ca\/International\/wp-json\/wp\/v2\/comments?post=115049"}],"version-history":[{"count":0,"href":"https:\/\/linitiative.ca\/International\/wp-json\/wp\/v2\/posts\/115049\/revisions"}],"wp:attachment":[{"href":"https:\/\/linitiative.ca\/International\/wp-json\/wp\/v2\/media?parent=115049"}],"wp:term":[{"taxonomy":"category","embeddable":true,"href":"https:\/\/linitiative.ca\/International\/wp-json\/wp\/v2\/categories?post=115049"},{"taxonomy":"post_tag","embeddable":true,"href":"https:\/\/linitiative.ca\/International\/wp-json\/wp\/v2\/tags?post=115049"}],"curies":[{"name":"wp","href":"https:\/\/api.w.org\/{rel}","templated":true}]}}