{"id":115054,"date":"2021-04-16T16:29:17","date_gmt":"2021-04-16T20:29:17","guid":{"rendered":"https:\/\/linitiative.ca\/International\/lassaad-yacoubi-repond-au-ministere-de-leducation-nous-sommes-partenaires-pour-le-droit-a-la-vie-et-non-pas-pour-couvrir-limpuissance-de-vos-gouvernements\/"},"modified":"2021-04-16T16:29:17","modified_gmt":"2021-04-16T20:29:17","slug":"lassaad-yacoubi-repond-au-ministere-de-leducation-nous-sommes-partenaires-pour-le-droit-a-la-vie-et-non-pas-pour-couvrir-limpuissance-de-vos-gouvernements","status":"publish","type":"post","link":"https:\/\/linitiative.ca\/International\/lassaad-yacoubi-repond-au-ministere-de-leducation-nous-sommes-partenaires-pour-le-droit-a-la-vie-et-non-pas-pour-couvrir-limpuissance-de-vos-gouvernements\/","title":{"rendered":"Lassaad Yacoubi r\u00e9pond au minist\u00e8re de l\u2019\u00c9ducation : \u00abNous sommes partenaires pour le droit \u00e0 la vie, et non pas pour couvrir l\u2019impuissance de vos gouvernements\u00bb"},"content":{"rendered":"<div class=\"post-cont-in left relative\">\n<div id=\"post-info-wrap\" class=\"left relative post-info-out\">\n<div class=\"post-info-img left relative\"><img decoding=\"async\" alt=\"\" src=\"https:\/\/secure.gravatar.com\/avatar\/ea481d7287ad38ca1787f44b5bb1b70e?s=50&amp;d=mm&amp;r=g\" srcset=\"https:\/\/secure.gravatar.com\/avatar\/ea481d7287ad38ca1787f44b5bb1b70e?s=100&amp;d=mm&amp;r=g 2x\" class=\"avatar avatar-50 photo\" height=\"50\" width=\"50\" loading=\"lazy\"\/><\/div>\n<div class=\"post-info-in\">\n<div class=\"post-info-right left relative post-info-name left relative\"><span><span class=\"post-info-text\">Par<\/span> <span class=\"author-name vcard fn author\"><a href=\"https:\/\/www.tunisienumerique.com\/author\/rania-ben-slimane\/\" title=\"Articles par rania ben slimane\" rel=\"author\">rania ben slimane<\/a><\/span><\/span> <span class=\"post-date updated\"><time class=\"post-date updated\" datetime=\"2021-04-16\">\u00a0| Il y a 2 minutes<\/time><\/span><br \/>\n<meta itemprop=\"dateModified\" content=\"2021-04-16\"\/><\/div>\n<div class=\"left relative\"><button id=\"listenButton1\" class=\"responsivevoice-button\" type=\"button\" value=\"Play\" title=\"\u00c9coutez l'article\"><span>\ud83d\udd0a \u00c9coutez l&rsquo;article<\/span><\/button>\n<\/div>\n<\/div>\n<\/div>\n<p>Le secr\u00e9taire g\u00e9n\u00e9ral de la F\u00e9d\u00e9ration de l\u2019Enseignement Secondaire, Lassaad Yacoubi, a publi\u00e9 un statut sur sa page le 16 avril 2021, en guise de r\u00e9ponse au communiqu\u00e9 du minist\u00e8re de l\u2019\u00c9ducation, qualifiant son langage de mena\u00e7ant, et \u00e0 travers quoi, le minist\u00e8re exprime son non-respect de ses obligations quant \u00e0 la protection du personnel \u00e9ducatif et des \u00e9l\u00e8ves.<\/p>\n<div class=\"code-block code-block-1 c4\">\n <ins class=\"adsbygoogle c3\" data-ad-layout=\"in-article\" data-ad-format=\"fluid\" data-ad-client=\"ca-pub-2102118777505746\" data-ad-slot=\"7301775417\"\/>\n<\/div>\n<p>Ajoutant que le minist\u00e8re n\u2019a pas respect\u00e9 les conditions de base et le protocole de sant\u00e9 convenu pour assurer la reprise et poursuite des cours.<\/p>\n<p>\u00ab\u00a0<em>Le langage mena\u00e7ant ne fera que compliquer les choses, et le minist\u00e8re doit se rendre compte que les syndicats existent pour d\u00e9fendre leurs perspectives et le droit \u00e0 la vie, pas une d\u00e9coration de sc\u00e8ne. Oui, nous sommes partenaires pour le droit \u00e0 la vie et le droit \u00e0 l\u2019\u00e9ducation, mais nous ne serons pas complices pour couvrir votre impuissance de vos gouvernements.<\/em> \u00bb, a-t-il martel\u00e9.<\/p>\n<p>Il convient de noter que plusieurs syndicats r\u00e9gionaux ont d\u00e9cid\u00e9 de suspendre les cours pendant 10 jours pour rompre les chaines de contaminations au Coronavirus, notamment au milieu scolaire.<\/p>\n<div class=\"swp_social_panel swp_horizontal_panel swp_flat_fresh swp_default_full_color swp_individual_full_color swp_other_full_color scale-100 scale-\" data-min-width=\"1100\" data-float-color=\"#ffffff\" data-float=\"bottom\" data-float-mobile=\"bottom\" data-transition=\"slide\">\n<div class=\"nc_tweetContainer swp_share_button total_shares total_sharesalt\"><span class=\"swp_count\">0 <span class=\"swp_label\">Partages<\/span><\/span><\/div>\n<\/div>\n<p><strong>Que se passe-t-il en Tunisie?<\/strong><br \/>Nous expliquons sur notre <a href=\"https:\/\/www.youtube.com\/channel\/UCRzypVq0B_yBad5eGrwBx0Q?sub_confirmation=1\" target=\"_blank\" rel=\"noopener\">cha\u00eene YouTube<\/a> . <a href=\"https:\/\/www.youtube.com\/channel\/UCRzypVq0B_yBad5eGrwBx0Q?sub_confirmation=1\" target=\"_blank\" rel=\"noopener\">Abonnez-vous!<\/a><\/p>\n<div class=\"mvp-org-wrap\" itemprop=\"publisher\">\n<div class=\"mvp-org-logo\" itemprop=\"logo\"><img decoding=\"async\" src=\"https:\/\/www.tunisienumerique.com\/wp-content\/uploads\/2017\/02\/logo_tunisie_numerique.png\"\/><br \/>\n<meta itemprop=\"url\" content=\"https:\/\/www.tunisienumerique.com\/wp-content\/uploads\/2017\/02\/logo_tunisie_numerique.png\"\/><\/div>\n<p><meta content=\"Tunisie\"\/><\/div>\n<div class=\"mvp-related-posts left relative\">\n<h4 class=\"post-header\"><span class=\"post-header\">Lire aussi<\/span><\/h4>\n<\/div>\n<div id=\"article-ad\">\n <ins class=\"adsbygoogle c5\" data-ad-client=\"ca-pub-2102118777505746\" data-ad-slot=\"6513972734\" data-ad-format=\"auto\" data-full-width-responsive=\"true\"\/>\n<\/div>\n<\/div>\n<div id=\"post-sidebar-wrap\">\n <ins class=\"adsbygoogle c5\" data-ad-client=\"ca-pub-2102118777505746\" data-ad-slot=\"6168283410\" data-ad-format=\"auto\" data-full-width-responsive=\"true\"\/>\n<\/div>\n<p>Auteur: rania ben slimane<br \/>\n<a href=\"https:\/\/www.tunisienumerique.com\/lassaad-yacoubi-repond-au-ministere-de-leducation-nous-sommes-partenaires-pour-le-droit-a-la-vie-et-non-pas-pour-couvrir-limpuissance-de-vos-gouvernements\/\">Cliquez ici pour lire l&rsquo;article depuis sa source.<\/a><\/p>\n","protected":false},"excerpt":{"rendered":"<p>Par rania ben slimane \u00a0| Il y a 2 minutes \ud83d\udd0a \u00c9coutez l&rsquo;article Le secr\u00e9taire g\u00e9n\u00e9ral de la F\u00e9d\u00e9ration de l\u2019Enseignement Secondaire, Lassaad Yacoubi, a publi\u00e9 un statut sur sa page le 16 avril 2021, en guise de r\u00e9ponse au communiqu\u00e9 du minist\u00e8re de l\u2019\u00c9ducation, qualifiant son langage de mena\u00e7ant, et \u00e0 travers quoi, le [&hellip;]<\/p>\n","protected":false},"author":1789,"featured_media":0,"comment_status":"closed","ping_status":"closed","sticky":false,"template":"","format":"standard","meta":{"fifu_image_url":"https:\/\/secure.gravatar.com\/avatar\/ea481d7287ad38ca1787f44b5bb1b70e?s=50&d=mm&r=g","fifu_image_alt":"Lassaad Yacoubi r\u00e9pond au minist\u00e8re de l\u2019\u00c9ducation : \u00abNous sommes partenaires pour le droit \u00e0 la vie, et non pas pour couvrir l\u2019impuissance de vos gouvernements\u00bb","footnotes":""},"categories":[73,55],"tags":[],"class_list":["post-115054","post","type-post","status-publish","format-standard","hentry","category-actualite","category-tunisie"],"_links":{"self":[{"href":"https:\/\/linitiative.ca\/International\/wp-json\/wp\/v2\/posts\/115054","targetHints":{"allow":["GET"]}}],"collection":[{"href":"https:\/\/linitiative.ca\/International\/wp-json\/wp\/v2\/posts"}],"about":[{"href":"https:\/\/linitiative.ca\/International\/wp-json\/wp\/v2\/types\/post"}],"author":[{"embeddable":true,"href":"https:\/\/linitiative.ca\/International\/wp-json\/wp\/v2\/users\/1789"}],"replies":[{"embeddable":true,"href":"https:\/\/linitiative.ca\/International\/wp-json\/wp\/v2\/comments?post=115054"}],"version-history":[{"count":0,"href":"https:\/\/linitiative.ca\/International\/wp-json\/wp\/v2\/posts\/115054\/revisions"}],"wp:attachment":[{"href":"https:\/\/linitiative.ca\/International\/wp-json\/wp\/v2\/media?parent=115054"}],"wp:term":[{"taxonomy":"category","embeddable":true,"href":"https:\/\/linitiative.ca\/International\/wp-json\/wp\/v2\/categories?post=115054"},{"taxonomy":"post_tag","embeddable":true,"href":"https:\/\/linitiative.ca\/International\/wp-json\/wp\/v2\/tags?post=115054"}],"curies":[{"name":"wp","href":"https:\/\/api.w.org\/{rel}","templated":true}]}}