{"id":115055,"date":"2021-04-16T16:31:53","date_gmt":"2021-04-16T20:31:53","guid":{"rendered":"https:\/\/linitiative.ca\/International\/tunisie-projets-dattentats-terroristes-et-dassassinats-politiques-pendant-ramadan\/"},"modified":"2021-04-16T16:31:53","modified_gmt":"2021-04-16T20:31:53","slug":"tunisie-projets-dattentats-terroristes-et-dassassinats-politiques-pendant-ramadan","status":"publish","type":"post","link":"https:\/\/linitiative.ca\/International\/tunisie-projets-dattentats-terroristes-et-dassassinats-politiques-pendant-ramadan\/","title":{"rendered":"Tunisie \u2013 Projets d\u2019attentats terroristes et d\u2019assassinats politiques pendant Ramadan"},"content":{"rendered":"<div class=\"post-cont-in left relative\">\n<div id=\"post-info-wrap\" class=\"left relative post-info-out\">\n<div class=\"post-info-img left relative\"><img decoding=\"async\" alt=\"\" src=\"https:\/\/secure.gravatar.com\/avatar\/047123be9d5e8513774383916ee72db2?s=50&amp;d=mm&amp;r=g\" srcset=\"https:\/\/secure.gravatar.com\/avatar\/047123be9d5e8513774383916ee72db2?s=100&amp;d=mm&amp;r=g 2x\" class=\"avatar avatar-50 photo\" height=\"50\" width=\"50\" loading=\"lazy\"\/><\/div>\n<div class=\"post-info-in\">\n<div class=\"post-info-right left relative post-info-name left relative\"><span><span class=\"post-info-text\">Par<\/span> <span class=\"author-name vcard fn author\"><a href=\"https:\/\/www.tunisienumerique.com\/author\/lm\/\" title=\"Articles par LM\" rel=\"author\">LM<\/a><\/span><\/span> <span class=\"post-date updated\"><time class=\"post-date updated\" datetime=\"2021-04-16\">\u00a0| Il y a 3 minutes<\/time><\/span><br \/>\n<meta itemprop=\"dateModified\" content=\"2021-04-16\"\/><\/div>\n<div class=\"left relative\"><button id=\"listenButton1\" class=\"responsivevoice-button\" type=\"button\" value=\"Play\" title=\"\u00c9coutez l'article\"><span>\ud83d\udd0a \u00c9coutez l&rsquo;article<\/span><\/button>\n<\/div>\n<\/div>\n<\/div>\n<p>Les services de renseignements g\u00e9n\u00e9raux ont multipli\u00e9, ces derniers jours, les alertes et les appels \u00e0 doubler de vigilance, \u00e0 l\u2019attention des services de s\u00e9curit\u00e9, en rapport avec une majoration des risques d\u2019attentats terroristes, en cette p\u00e9riode de Ramadan. Ces alertes concernent tut le territoire national, avec une mention sp\u00e9ciale pour les zones frontali\u00e8res avec la Libye, et les hauteurs en regard des fronti\u00e8res alg\u00e9riennes.<\/p>\n<div class=\"code-block code-block-1 c4\">\n <ins class=\"adsbygoogle c3\" data-ad-layout=\"in-article\" data-ad-format=\"fluid\" data-ad-client=\"ca-pub-2102118777505746\" data-ad-slot=\"7301775417\"\/>\n<\/div>\n<p>Les services de renseignements avertissent de l\u2019intention des groupuscules relevant de DAECH et de l\u2019AQMI, de cibler des s\u00e9curitaires et des b\u00e2timents officiels nationaux et des repr\u00e9sentations des int\u00e9r\u00eats \u00e9trangers, notamment, ceux de la France, des USA, et des monarchies du golfe, essentiellement, les Emirats et le Bahrein. ET ce, pour venger leurs ports et leurs d\u00e9tenus.<\/p>\n<p>Les m\u00eames sources avertissent de l\u2019existence de projets d\u2019assassinats politiques ciblant des personnalit\u00e9s comme Abir Moussi, Mongi Rahoui, ou Rached Ghannouchi.<\/p>\n<div class=\"swp_social_panel swp_horizontal_panel swp_flat_fresh swp_default_full_color swp_individual_full_color swp_other_full_color scale-100 scale-\" data-min-width=\"1100\" data-float-color=\"#ffffff\" data-float=\"bottom\" data-float-mobile=\"bottom\" data-transition=\"slide\">\n<div class=\"nc_tweetContainer swp_share_button total_shares total_sharesalt\"><span class=\"swp_count\">0 <span class=\"swp_label\">Partages<\/span><\/span><\/div>\n<\/div>\n<p><strong>Que se passe-t-il en Tunisie?<\/strong><br \/>Nous expliquons sur notre <a href=\"https:\/\/www.youtube.com\/channel\/UCRzypVq0B_yBad5eGrwBx0Q?sub_confirmation=1\" target=\"_blank\" rel=\"noopener\">cha\u00eene YouTube<\/a> . <a href=\"https:\/\/www.youtube.com\/channel\/UCRzypVq0B_yBad5eGrwBx0Q?sub_confirmation=1\" target=\"_blank\" rel=\"noopener\">Abonnez-vous!<\/a><\/p>\n<div class=\"mvp-org-wrap\" itemprop=\"publisher\">\n<div class=\"mvp-org-logo\" itemprop=\"logo\"><img decoding=\"async\" src=\"https:\/\/www.tunisienumerique.com\/wp-content\/uploads\/2017\/02\/logo_tunisie_numerique.png\"\/><br \/>\n<meta itemprop=\"url\" content=\"https:\/\/www.tunisienumerique.com\/wp-content\/uploads\/2017\/02\/logo_tunisie_numerique.png\"\/><\/div>\n<p><meta content=\"Tunisie\"\/><\/div>\n<div class=\"mvp-related-posts left relative\">\n<h4 class=\"post-header\"><span class=\"post-header\">Lire aussi<\/span><\/h4>\n<\/div>\n<div id=\"article-ad\">\n <ins class=\"adsbygoogle c5\" data-ad-client=\"ca-pub-2102118777505746\" data-ad-slot=\"6513972734\" data-ad-format=\"auto\" data-full-width-responsive=\"true\"\/>\n<\/div>\n<\/div>\n<div id=\"post-sidebar-wrap\">\n <ins class=\"adsbygoogle c5\" data-ad-client=\"ca-pub-2102118777505746\" data-ad-slot=\"6168283410\" data-ad-format=\"auto\" data-full-width-responsive=\"true\"\/>\n<\/div>\n<p>Auteur: LM<br \/>\n<a href=\"https:\/\/www.tunisienumerique.com\/tunisie-projets-dattentats-terroristes-et-dassassinats-politiques-pendant-ramadan\/\">Cliquez ici pour lire l&rsquo;article depuis sa source.<\/a><\/p>\n","protected":false},"excerpt":{"rendered":"<p>Par LM \u00a0| Il y a 3 minutes \ud83d\udd0a \u00c9coutez l&rsquo;article Les services de renseignements g\u00e9n\u00e9raux ont multipli\u00e9, ces derniers jours, les alertes et les appels \u00e0 doubler de vigilance, \u00e0 l\u2019attention des services de s\u00e9curit\u00e9, en rapport avec une majoration des risques d\u2019attentats terroristes, en cette p\u00e9riode de Ramadan. Ces alertes concernent tut le [&hellip;]<\/p>\n","protected":false},"author":1789,"featured_media":0,"comment_status":"closed","ping_status":"closed","sticky":false,"template":"","format":"standard","meta":{"fifu_image_url":"https:\/\/secure.gravatar.com\/avatar\/047123be9d5e8513774383916ee72db2?s=50&d=mm&r=g","fifu_image_alt":"Tunisie \u2013 Projets d\u2019attentats terroristes et d\u2019assassinats politiques pendant Ramadan","footnotes":""},"categories":[73,55],"tags":[],"class_list":["post-115055","post","type-post","status-publish","format-standard","hentry","category-actualite","category-tunisie"],"_links":{"self":[{"href":"https:\/\/linitiative.ca\/International\/wp-json\/wp\/v2\/posts\/115055","targetHints":{"allow":["GET"]}}],"collection":[{"href":"https:\/\/linitiative.ca\/International\/wp-json\/wp\/v2\/posts"}],"about":[{"href":"https:\/\/linitiative.ca\/International\/wp-json\/wp\/v2\/types\/post"}],"author":[{"embeddable":true,"href":"https:\/\/linitiative.ca\/International\/wp-json\/wp\/v2\/users\/1789"}],"replies":[{"embeddable":true,"href":"https:\/\/linitiative.ca\/International\/wp-json\/wp\/v2\/comments?post=115055"}],"version-history":[{"count":0,"href":"https:\/\/linitiative.ca\/International\/wp-json\/wp\/v2\/posts\/115055\/revisions"}],"wp:attachment":[{"href":"https:\/\/linitiative.ca\/International\/wp-json\/wp\/v2\/media?parent=115055"}],"wp:term":[{"taxonomy":"category","embeddable":true,"href":"https:\/\/linitiative.ca\/International\/wp-json\/wp\/v2\/categories?post=115055"},{"taxonomy":"post_tag","embeddable":true,"href":"https:\/\/linitiative.ca\/International\/wp-json\/wp\/v2\/tags?post=115055"}],"curies":[{"name":"wp","href":"https:\/\/api.w.org\/{rel}","templated":true}]}}