{"id":115058,"date":"2021-04-16T17:09:59","date_gmt":"2021-04-16T21:09:59","guid":{"rendered":"https:\/\/linitiative.ca\/International\/tunisie-lassaad-yaakoubi-reprend-son-bras-de-fer-avec-letat-et-tant-pis-pour-les-generations-a-venir\/"},"modified":"2021-04-16T17:09:59","modified_gmt":"2021-04-16T21:09:59","slug":"tunisie-lassaad-yaakoubi-reprend-son-bras-de-fer-avec-letat-et-tant-pis-pour-les-generations-a-venir","status":"publish","type":"post","link":"https:\/\/linitiative.ca\/International\/tunisie-lassaad-yaakoubi-reprend-son-bras-de-fer-avec-letat-et-tant-pis-pour-les-generations-a-venir\/","title":{"rendered":"Tunisie \u2013 Lassaad Yaakoubi reprend son bras de fer avec l\u2019Etat et tant pis pour les g\u00e9n\u00e9rations \u00e0 venir"},"content":{"rendered":"<div class=\"post-cont-in left relative\">\n<div id=\"post-info-wrap\" class=\"left relative post-info-out\">\n<div class=\"post-info-img left relative\"><img decoding=\"async\" alt=\"\" src=\"https:\/\/secure.gravatar.com\/avatar\/9f10b5e5a102bf8cc0ebfb84f5ab5652?s=50&amp;d=mm&amp;r=g\" srcset=\"https:\/\/secure.gravatar.com\/avatar\/9f10b5e5a102bf8cc0ebfb84f5ab5652?s=100&amp;d=mm&amp;r=g 2x\" class=\"avatar avatar-50 photo\" height=\"50\" width=\"50\" loading=\"lazy\"\/><\/div>\n<div class=\"post-info-in\">\n<div class=\"post-info-right left relative post-info-name left relative\"><span><span class=\"post-info-text\">Par<\/span> <span class=\"author-name vcard fn author\"><a href=\"https:\/\/www.tunisienumerique.com\/author\/ramsis\/\" title=\"Articles par Ramsis\" rel=\"author\">Ramsis<\/a><\/span><\/span> <span class=\"post-date updated\"><time class=\"post-date updated\" datetime=\"2021-04-16\">\u00a0| Il y a 1 minute<\/time><\/span><br \/>\n<meta itemprop=\"dateModified\" content=\"2021-04-16\"\/><\/div>\n<div class=\"left relative\"><button id=\"listenButton1\" class=\"responsivevoice-button\" type=\"button\" value=\"Play\" title=\"\u00c9coutez l'article\"><span>\ud83d\udd0a \u00c9coutez l&rsquo;article<\/span><\/button>\n<\/div>\n<\/div>\n<\/div>\n<p>Le r\u00f4le du m\u00e9chant doit lui avoir manqu\u00e9 \u00e0 fond, \u00e0 Lassaad Yaakoubi, le secr\u00e9taire g\u00e9n\u00e9ral du syndicat de l\u2019enseignement secondaire. Il faut dire que la pand\u00e9mie et la crise \u00e9conomiques dans le pays, ne lui ont gu\u00e8re laiss\u00e9 d\u2019espace pour briller et faire parler de lui.<\/p>\n<div class=\"code-block code-block-1 c4\">\n <ins class=\"adsbygoogle c3\" data-ad-layout=\"in-article\" data-ad-format=\"fluid\" data-ad-client=\"ca-pub-2102118777505746\" data-ad-slot=\"7301775417\"\/>\n<\/div>\n<p>Mais, trop c\u2019est trop,\u2026 Et l\u2019\u00e9loignement des feux de la rampe a commenc\u00e9 \u00e0 lui peser. C\u2019est pourquoi, il a d\u00e9cid\u00e9 d\u2019en finir avec la \u00ab\u00a0p\u00e9riode creuse\u00a0\u00bb, et de reprendre son b\u00e2ton de p\u00e8lerin, pour d\u00e9frayer la chronique et harceler ses \u00ab\u00a0amis\u00a0\u00bb du minist\u00e8re. Et l\u2019int\u00e9r\u00eat des \u00e9l\u00e8ves et de l\u2019\u00e9ducation\u00a0? Rien \u00e0 cirer\u2026 Ce sont des choses secondaires qui peuvent, toujours attendre.<\/p>\n<p>C\u2019est ainsi qu\u2019apr\u00e8s l\u2019ann\u00e9e scolaire de l\u2019an dernier, \u00e0 oublier, et alors que l\u2019ann\u00e9e actuelle est sur le point de s\u2019achever, tant bien que mal, \u00e0 cause des contraintes impos\u00e9es par les protocoles sanitaires, mais aussi, \u00e0 cause des frasques des diff\u00e9rents syndicats dont les protestations ont entrav\u00e9 le bon fonctionnement des \u00e9tablissements \u00e9ducatifs, le sieur Ya\u00e2koubi n\u2019en pouvait plus d\u2019\u00eatre \u00e9clips\u00e9, et a d\u00e9cid\u00e9 de sortir au devant de la sc\u00e8ne, avec ce que \u00e7\u00e0 implique comme ennuis pour tout le monde.<\/p>\n<p>Le pr\u00e9texte qu\u2019il a trouv\u00e9, est celui de pr\u00e9server la sant\u00e9 de tout le monde, et de sauver la vie de ses semblables et de leurs \u00e9l\u00e8ves.<\/p>\n<p>Donc, sous pr\u00e9texte de vouloir sauver le monde, Ya\u00e2koubi, et au bout d\u2019une ann\u00e9e scolaire inachev\u00e9e, suivie d\u2019une ann\u00e9e claudicante qui peine \u00e0 finir la moiti\u00e9 des cours, se permet de d\u00e9cr\u00e9ter, de son propre chef, et de fa\u00e7on unilat\u00e9rale, la suspension des cours, avec ce qui s\u2019en suivra de priver les \u00e9l\u00e8ves des examens de fin d\u2019ann\u00e9e, et d\u2019une vraie \u00e9valuation des acquisitions p\u00e9dagogiques, aussi minimes qu\u2019elles soient.<\/p>\n<p>Et furieux du fait que le ministre refuse de le suivre dans son travail de sape, Ya\u00e2koubi a d\u00e9cid\u00e9 de se passer de l\u2019aval des autorit\u00e9s et a commenc\u00e9 \u00e0 pratiquer sa pression, en intimant \u00e0 ses coll\u00e8gues de refuser d\u2019int\u00e9grer les \u00e9tablissements qui ne disposent pas de mat\u00e9riel de surveillance et de d\u00e9sinfection, et de quitter les salles de classe d\u00e8s qu\u2019il y a un des \u00e9l\u00e8ves qui ne dispose pas de masque\u2026<\/p>\n<p>Autrement dit, Ya\u00e2koubi a d\u00e9cid\u00e9 qu\u2019il \u00e9tait temps de mettre un terme \u00e0 l\u2019ann\u00e9e scolaire\u2026 Et tant pis pour tout le monde\u2026 Il faut bien qu\u2019il soigne sa r\u00e9putation, non\u00a0?<\/p>\n<div class=\"swp_social_panel swp_horizontal_panel swp_flat_fresh swp_default_full_color swp_individual_full_color swp_other_full_color scale-100 scale-\" data-min-width=\"1100\" data-float-color=\"#ffffff\" data-float=\"bottom\" data-float-mobile=\"bottom\" data-transition=\"slide\">\n<div class=\"nc_tweetContainer swp_share_button total_shares total_sharesalt\"><span class=\"swp_count\">0 <span class=\"swp_label\">Partages<\/span><\/span><\/div>\n<\/div>\n<p><strong>Que se passe-t-il en Tunisie?<\/strong><br \/>Nous expliquons sur notre <a href=\"https:\/\/www.youtube.com\/channel\/UCRzypVq0B_yBad5eGrwBx0Q?sub_confirmation=1\" target=\"_blank\" rel=\"noopener\">cha\u00eene YouTube<\/a> . <a href=\"https:\/\/www.youtube.com\/channel\/UCRzypVq0B_yBad5eGrwBx0Q?sub_confirmation=1\" target=\"_blank\" rel=\"noopener\">Abonnez-vous!<\/a><\/p>\n<div class=\"mvp-org-wrap\" itemprop=\"publisher\">\n<div class=\"mvp-org-logo\" itemprop=\"logo\"><img decoding=\"async\" src=\"https:\/\/www.tunisienumerique.com\/wp-content\/uploads\/2017\/02\/logo_tunisie_numerique.png\"\/><br \/>\n<meta itemprop=\"url\" content=\"https:\/\/www.tunisienumerique.com\/wp-content\/uploads\/2017\/02\/logo_tunisie_numerique.png\"\/><\/div>\n<p><meta content=\"Tunisie\"\/><\/div>\n<div class=\"mvp-related-posts left relative\">\n<h4 class=\"post-header\"><span class=\"post-header\">Lire aussi<\/span><\/h4>\n<\/div>\n<div id=\"article-ad\">\n <ins class=\"adsbygoogle c5\" data-ad-client=\"ca-pub-2102118777505746\" data-ad-slot=\"6513972734\" data-ad-format=\"auto\" data-full-width-responsive=\"true\"\/>\n<\/div>\n<\/div>\n<div id=\"post-sidebar-wrap\">\n <ins class=\"adsbygoogle c5\" data-ad-client=\"ca-pub-2102118777505746\" data-ad-slot=\"6168283410\" data-ad-format=\"auto\" data-full-width-responsive=\"true\"\/>\n<\/div>\n<p>Auteur: Ramsis<br \/>\n<a href=\"https:\/\/www.tunisienumerique.com\/tunisie-lassaad-yaakoubi-reprend-son-bras-de-fer-avec-letat-et-tant-pis-pour-les-generations-a-venir\/\">Cliquez ici pour lire l&rsquo;article depuis sa source.<\/a><\/p>\n","protected":false},"excerpt":{"rendered":"<p>Par Ramsis \u00a0| Il y a 1 minute \ud83d\udd0a \u00c9coutez l&rsquo;article Le r\u00f4le du m\u00e9chant doit lui avoir manqu\u00e9 \u00e0 fond, \u00e0 Lassaad Yaakoubi, le secr\u00e9taire g\u00e9n\u00e9ral du syndicat de l\u2019enseignement secondaire. Il faut dire que la pand\u00e9mie et la crise \u00e9conomiques dans le pays, ne lui ont gu\u00e8re laiss\u00e9 d\u2019espace pour briller et faire [&hellip;]<\/p>\n","protected":false},"author":1789,"featured_media":0,"comment_status":"closed","ping_status":"closed","sticky":false,"template":"","format":"standard","meta":{"fifu_image_url":"https:\/\/secure.gravatar.com\/avatar\/9f10b5e5a102bf8cc0ebfb84f5ab5652?s=50&d=mm&r=g","fifu_image_alt":"Tunisie \u2013 Lassaad Yaakoubi reprend son bras de fer avec l\u2019Etat et tant pis pour les g\u00e9n\u00e9rations \u00e0 venir","footnotes":""},"categories":[73,55],"tags":[],"class_list":["post-115058","post","type-post","status-publish","format-standard","hentry","category-actualite","category-tunisie"],"_links":{"self":[{"href":"https:\/\/linitiative.ca\/International\/wp-json\/wp\/v2\/posts\/115058","targetHints":{"allow":["GET"]}}],"collection":[{"href":"https:\/\/linitiative.ca\/International\/wp-json\/wp\/v2\/posts"}],"about":[{"href":"https:\/\/linitiative.ca\/International\/wp-json\/wp\/v2\/types\/post"}],"author":[{"embeddable":true,"href":"https:\/\/linitiative.ca\/International\/wp-json\/wp\/v2\/users\/1789"}],"replies":[{"embeddable":true,"href":"https:\/\/linitiative.ca\/International\/wp-json\/wp\/v2\/comments?post=115058"}],"version-history":[{"count":0,"href":"https:\/\/linitiative.ca\/International\/wp-json\/wp\/v2\/posts\/115058\/revisions"}],"wp:attachment":[{"href":"https:\/\/linitiative.ca\/International\/wp-json\/wp\/v2\/media?parent=115058"}],"wp:term":[{"taxonomy":"category","embeddable":true,"href":"https:\/\/linitiative.ca\/International\/wp-json\/wp\/v2\/categories?post=115058"},{"taxonomy":"post_tag","embeddable":true,"href":"https:\/\/linitiative.ca\/International\/wp-json\/wp\/v2\/tags?post=115058"}],"curies":[{"name":"wp","href":"https:\/\/api.w.org\/{rel}","templated":true}]}}