{"id":115061,"date":"2021-04-15T17:47:50","date_gmt":"2021-04-15T21:47:50","guid":{"rendered":"https:\/\/linitiative.ca\/International\/investiture-du-president-denis-sassou-nguesso-roch-marc-christian-kabore-a-brazzaville\/"},"modified":"2021-04-15T17:47:50","modified_gmt":"2021-04-15T21:47:50","slug":"investiture-du-president-denis-sassou-nguesso-roch-marc-christian-kabore-a-brazzaville","status":"publish","type":"post","link":"https:\/\/linitiative.ca\/International\/investiture-du-president-denis-sassou-nguesso-roch-marc-christian-kabore-a-brazzaville\/","title":{"rendered":"Investiture du pr\u00e9sident D\u00e9nis Sassou Nguesso  : Roch Marc Christian Kabor\u00e9  \u00e0 Brazzaville"},"content":{"rendered":"<div class=\"td-post-featured-image\"><a href=\"https:\/\/www.sidwaya.info\/wp-content\/uploads\/2021\/04\/1-51.jpg\" data-caption=\"\"><img loading=\"lazy\" decoding=\"async\" width=\"595\" height=\"397\" class=\"entry-thumb td-modal-image\" src=\"https:\/\/www.sidwaya.info\/wp-content\/uploads\/2021\/04\/1-51.jpg\" srcset=\"https:\/\/www.sidwaya.info\/wp-content\/uploads\/2021\/04\/1-51.jpg 595w, https:\/\/www.sidwaya.info\/wp-content\/uploads\/2021\/04\/1-51-300x200.jpg 300w, https:\/\/www.sidwaya.info\/wp-content\/uploads\/2021\/04\/1-51-150x100.jpg 150w\" sizes=\"auto, (max-width: 595px) 100vw, 595px\" alt=\"\" title=\"1\"\/><\/a><\/div>\n<p>Le pr\u00e9sident du Faso, Roch Marc Christian Kabor\u00e9, est arriv\u00e9 hier apr\u00e8s-midi \u00e0 Brazzaville au Congo, o\u00f9 il prendra part ce 16 avril, \u00e0 la c\u00e9r\u00e9monie d\u2019investiture du pr\u00e9sident D\u00e9nis Sassou Nguesso. R\u00e9\u00e9lu, le 21 mars dernier, Denis Sassou Nguesso va pr\u00eater serment devant la Cour constitutionnelle pour un nouveau mandat de 5 ans.<\/p>\n<p class=\"c1\"><strong>Direction de la Communication<\/strong><br \/><strong>de la Pr\u00e9sidence du Faso<\/strong><\/p>\n<div class=\"td-a-rec td-a-rec-id-content_bottom tdi_33_9a7 td_block_template_1\">\n<p><img loading=\"lazy\" decoding=\"async\" class=\"aligncenter size-full wp-image-27454\" src=\"https:\/\/www.sidwaya.info\/wp-content\/uploads\/2020\/10\/PUB-Bandeau-paiement-mobile-siteweb.jpg\" alt=\"\" width=\"728\" height=\"90\"\/><\/div>\n<p>Auteur: BM. Sidwaya<br \/>\n<a href=\"https:\/\/www.sidwaya.info\/blog\/2021\/04\/15\/investiture-du-president-denis-sassou-nguesso-roch-marc-christian-kabore-a-brazzaville\/\">Cliquez ici pour lire l&rsquo;article depuis sa source.<\/a><\/p>\n","protected":false},"excerpt":{"rendered":"<p>Le pr\u00e9sident du Faso, Roch Marc Christian Kabor\u00e9, est arriv\u00e9 hier apr\u00e8s-midi \u00e0 Brazzaville au Congo, o\u00f9 il prendra part ce 16 avril, \u00e0 la c\u00e9r\u00e9monie d\u2019investiture du pr\u00e9sident D\u00e9nis Sassou Nguesso. R\u00e9\u00e9lu, le 21 mars dernier, Denis Sassou Nguesso va pr\u00eater serment devant la Cour constitutionnelle pour un nouveau mandat de 5 ans. Direction [&hellip;]<\/p>\n","protected":false},"author":1816,"featured_media":0,"comment_status":"closed","ping_status":"closed","sticky":false,"template":"","format":"standard","meta":{"fifu_image_url":"https:\/\/www.sidwaya.info\/wp-content\/uploads\/2021\/04\/1-51.jpg","fifu_image_alt":"Investiture du pr\u00e9sident D\u00e9nis Sassou Nguesso  : Roch Marc Christian Kabor\u00e9  \u00e0 Brazzaville","footnotes":""},"categories":[73,81],"tags":[],"class_list":["post-115061","post","type-post","status-publish","format-standard","hentry","category-actualite","category-burkina-faso"],"_links":{"self":[{"href":"https:\/\/linitiative.ca\/International\/wp-json\/wp\/v2\/posts\/115061","targetHints":{"allow":["GET"]}}],"collection":[{"href":"https:\/\/linitiative.ca\/International\/wp-json\/wp\/v2\/posts"}],"about":[{"href":"https:\/\/linitiative.ca\/International\/wp-json\/wp\/v2\/types\/post"}],"author":[{"embeddable":true,"href":"https:\/\/linitiative.ca\/International\/wp-json\/wp\/v2\/users\/1816"}],"replies":[{"embeddable":true,"href":"https:\/\/linitiative.ca\/International\/wp-json\/wp\/v2\/comments?post=115061"}],"version-history":[{"count":0,"href":"https:\/\/linitiative.ca\/International\/wp-json\/wp\/v2\/posts\/115061\/revisions"}],"wp:attachment":[{"href":"https:\/\/linitiative.ca\/International\/wp-json\/wp\/v2\/media?parent=115061"}],"wp:term":[{"taxonomy":"category","embeddable":true,"href":"https:\/\/linitiative.ca\/International\/wp-json\/wp\/v2\/categories?post=115061"},{"taxonomy":"post_tag","embeddable":true,"href":"https:\/\/linitiative.ca\/International\/wp-json\/wp\/v2\/tags?post=115061"}],"curies":[{"name":"wp","href":"https:\/\/api.w.org\/{rel}","templated":true}]}}