{"id":115064,"date":"2021-04-16T12:18:03","date_gmt":"2021-04-16T16:18:03","guid":{"rendered":"https:\/\/linitiative.ca\/International\/linsecurite-alimentaire-guette-lafrique-occidentale-et-centrale-etude\/"},"modified":"2021-04-16T12:18:03","modified_gmt":"2021-04-16T16:18:03","slug":"linsecurite-alimentaire-guette-lafrique-occidentale-et-centrale-etude","status":"publish","type":"post","link":"https:\/\/linitiative.ca\/International\/linsecurite-alimentaire-guette-lafrique-occidentale-et-centrale-etude\/","title":{"rendered":"L\u2019ins\u00e9curit\u00e9 alimentaire guette l\u2019Afrique occidentale et centrale (\u00e9tude)"},"content":{"rendered":"<div readability=\"32\">\n<p>Publi\u00e9 le 16.04.2021 \u00e0 17h18 par APA News<\/p>\n<\/div>\n<div readability=\"133\">\n<p>Dans ces deux parties du continent noir, plus de 31 millions de personnes pourraient souffrir de la faim durant la saison de soudure de juin-ao\u00fbt 2021 selon le Programme alimentaire mondial (Pam).C\u2019est une alerte pour parer \u00e0 un danger imminent. Car \u00ab ce chiffre est sup\u00e9rieur de plus de 30 % \u00e0 celui de l\u2019ann\u00e9e derni\u00e8re et repr\u00e9sente le niveau le plus \u00e9lev\u00e9 depuis pr\u00e8s de dix ans d\u2019apr\u00e8s les donn\u00e9es du Cadre Harmonis\u00e9, une analyse conjointe de la s\u00e9curit\u00e9 alimentaire publi\u00e9e sous les auspices du Comit\u00e9 permanent inter-\u00c9tats de lutte contre la s\u00e9cheresse dans le Sahel (Cilss) \u00bb.<\/p>\n<p>La possible ins\u00e9curit\u00e9 alimentaire r\u00e9sulterait, \u00e0 en croire le Programme alimentaire mondial (Pam), de la flamb\u00e9e des prix des denr\u00e9es alimentaires dans ces r\u00e9gions en proie \u00e0 des conflits et \u00e0 l\u2019impact socio-\u00e9conomique de la pand\u00e9mie de la Covid-19.<\/p>\n<p>De ce fait, l\u2019organisation humanitaire mondiale de lutte contre la faim estime, dans un communiqu\u00e9 re\u00e7u ce vendredi \u00e0 APA, qu\u2019 \u00ab une action imm\u00e9diate est n\u00e9cessaire afin d\u2019\u00e9viter une catastrophe\u00a0 \u00bb pendant la p\u00e9riode de soudure \u00ab pr\u00e9c\u00e9dant la prochaine r\u00e9colte et au cours de laquelle les r\u00e9serves alimentaires sont \u00e9puis\u00e9es \u00bb.<\/p>\n<p>En Afrique de l\u2019Ouest, explique Chris Nikoi, le Directeur du Pam dans cette r\u00e9gion, \u00ab les conflits alimentent d\u00e9j\u00e0 la faim et la mis\u00e8re. La hausse incessante des prix agit comme un multiplicateur de pauvret\u00e9, plongeant des millions de personnes dans l\u2019ins\u00e9curit\u00e9 alimentaire et le d\u00e9sespoir\u00a0\u00bb.\u00a0<\/p>\n<p>De plus, signale M. Nikoi, \u00ab m\u00eame lorsque les denr\u00e9es alimentaires sont disponibles, les familles n\u2019ont pas les moyens de s\u2019en procurer et la flamb\u00e9e des prix met un repas de base hors de port\u00e9e de millions de familles pauvres qui avaient d\u00e9j\u00e0 du mal \u00e0 s\u2019en sortir \u00bb.<\/p>\n<p>Dans les pays ouest-africains, note le Pam, les prix des denr\u00e9es alimentaires sont en hausse. \u00ab Par rapport \u00e0 la moyenne des cinq derni\u00e8res ann\u00e9es, les produits locaux ont augment\u00e9 de pr\u00e8s de 40 % et dans certaines zones, les prix ont grimp\u00e9 de plus de 200 % \u00bb, pr\u00e9cise le programme du syst\u00e8me des Nations unies.<\/p>\n<p>Poursuivant, le Programme alimentaire mondial fait savoir que \u00ab cette situation est due en partie \u00e0 l\u2019impact \u00e9conomique des mesures contre la propagation du coronavirus au cours de l\u2019ann\u00e9e derni\u00e8re, mais aussi \u00e0 la baisse des revenus des populations en raison de la r\u00e9duction des activit\u00e9s commerciale, touristique et informelle ainsi que des transferts de fonds \u00bb. \u00a0\u00a0<\/p>\n<p>En Sierra Leone, par exemple, \u00ab la d\u00e9pr\u00e9ciation de la monnaie locale a eu des r\u00e9percussions sur le prix des denr\u00e9es import\u00e9es ou produites localement \u00bb, indique le Pam. Dans le pays dirig\u00e9 par Julius Maada Bio, rapporte l\u2019organisation onusienne, \u00ab le prix du riz, l\u2019aliment de base, est sup\u00e9rieur de 60 \u00e0 70 % \u00e0 la moyenne quinquennale \u00bb.<\/p>\n<p>C\u2019est pourquoi l\u2019ins\u00e9curit\u00e9 alimentaire aigu\u00eb y a connu un pic puisqu\u2019elle touche 23 % de la population (1,8 million de personnes) contre seulement 2 % en 2019. \u00ab En attendant que les march\u00e9s se stabilisent, l\u2019assistance alimentaire est peut-\u00eatre la seule source d\u2019espoir pour des millions de familles. Les besoins sont immenses et si nous ne parvenons pas \u00e0 r\u00e9unir les fonds (indispensables), nous ne pourrons tout simplement pas faire face. Nous ne pouvons pas laisser 2021 devenir l\u2019ann\u00e9e de la r\u00e9duction des rations \u00bb, avertit le Directeur r\u00e9gional du Pam.<\/p>\n<p>En outre, le rapport fait remarquer que \u00ab dans le Nord du Nigeria, au Sahel central (Burkina, Mali et Niger), en Centrafrique et dans les r\u00e9gions du Nord-Ouest et du Sud-Ouest du Cameroun, l\u2019escalade de la violence oblige les populations \u00e0 se d\u00e9placer, \u00e0 abandonner leurs champs et leurs sources de revenus\u00a0\u00bb.<\/p>\n<p>C\u2019est la raison pour laquelle \u00ab pr\u00e8s de 10 millions d\u2019enfants, de moins de 5 ans, souffrent de malnutrition aigu\u00eb cette ann\u00e9e dans la r\u00e9gion et le Sahel repr\u00e9sente la moiti\u00e9 de ce chiffre \u00e0 lui seul \u00bb. Au vu de la situation, le Pam pr\u00e9voit cette ann\u00e9e d\u2019aider en Afrique occidentale et centrale \u00ab pr\u00e8s de 18 millions de personnes \u00bb dont 68 % sollicitent une assistance \u00ab d\u2019urgence \u00bb.<\/p>\n<p>Pour les six prochains mois, le Programme alimentaire mondial a chiffr\u00e9 ses besoins \u00e0 \u00ab 770 millions de dollars \u00bb pour mener \u00ab ses op\u00e9rations dans 19 pays \u00bb. En 2020, l\u2019organisation humanitaire mondiale et ses partenaires ont aid\u00e9 \u00ab pr\u00e8s de 17 millions de personnes en Afrique de l\u2019Ouest \u00e0 travers des approches int\u00e9gr\u00e9es combinant des interventions alimentaires et nutritionnelles vitales mais aussi des activit\u00e9s qui renforcent la r\u00e9silience des communaut\u00e9s \u00bb, conclut le document.<\/p>\n<\/div>\n<p>Auteur: APA News<br \/>\n<a href=\"https:\/\/www.journalducameroun.com\/linsecurite-alimentaire-guette-lafrique-occidentale-et-centrale-etude\/\">Cliquez ici pour lire l&rsquo;article depuis sa source.<\/a><\/p>\n","protected":false},"excerpt":{"rendered":"<p>Publi\u00e9 le 16.04.2021 \u00e0 17h18 par APA News Dans ces deux parties du continent noir, plus de 31 millions de personnes pourraient souffrir de la faim durant la saison de soudure de juin-ao\u00fbt 2021 selon le Programme alimentaire mondial (Pam).C\u2019est une alerte pour parer \u00e0 un danger imminent. Car \u00ab ce chiffre est sup\u00e9rieur de [&hellip;]<\/p>\n","protected":false},"author":1965,"featured_media":0,"comment_status":"closed","ping_status":"closed","sticky":false,"template":"","format":"standard","meta":{"fifu_image_url":"","fifu_image_alt":"","footnotes":""},"categories":[73,82],"tags":[],"class_list":["post-115064","post","type-post","status-publish","format-standard","hentry","category-actualite","category-cameroun"],"_links":{"self":[{"href":"https:\/\/linitiative.ca\/International\/wp-json\/wp\/v2\/posts\/115064","targetHints":{"allow":["GET"]}}],"collection":[{"href":"https:\/\/linitiative.ca\/International\/wp-json\/wp\/v2\/posts"}],"about":[{"href":"https:\/\/linitiative.ca\/International\/wp-json\/wp\/v2\/types\/post"}],"author":[{"embeddable":true,"href":"https:\/\/linitiative.ca\/International\/wp-json\/wp\/v2\/users\/1965"}],"replies":[{"embeddable":true,"href":"https:\/\/linitiative.ca\/International\/wp-json\/wp\/v2\/comments?post=115064"}],"version-history":[{"count":0,"href":"https:\/\/linitiative.ca\/International\/wp-json\/wp\/v2\/posts\/115064\/revisions"}],"wp:attachment":[{"href":"https:\/\/linitiative.ca\/International\/wp-json\/wp\/v2\/media?parent=115064"}],"wp:term":[{"taxonomy":"category","embeddable":true,"href":"https:\/\/linitiative.ca\/International\/wp-json\/wp\/v2\/categories?post=115064"},{"taxonomy":"post_tag","embeddable":true,"href":"https:\/\/linitiative.ca\/International\/wp-json\/wp\/v2\/tags?post=115064"}],"curies":[{"name":"wp","href":"https:\/\/api.w.org\/{rel}","templated":true}]}}