{"id":115066,"date":"2021-04-16T13:18:01","date_gmt":"2021-04-16T17:18:01","guid":{"rendered":"https:\/\/linitiative.ca\/International\/congo-denis-sassou-nguesso-investi\/"},"modified":"2021-04-16T13:18:01","modified_gmt":"2021-04-16T17:18:01","slug":"congo-denis-sassou-nguesso-investi","status":"publish","type":"post","link":"https:\/\/linitiative.ca\/International\/congo-denis-sassou-nguesso-investi\/","title":{"rendered":"Congo : Denis Sassou Nguesso investi"},"content":{"rendered":"<div readability=\"32\">\n<p>Publi\u00e9 le 16.04.2021 \u00e0 18h18 par APA News<\/p>\n<\/div>\n<div readability=\"87\">\n<p>Le pr\u00e9sident r\u00e9\u00e9lu pour un cinqui\u00e8me mandat a pr\u00eat\u00e9 serment, ce vendredi 16 avril, au Palais des congr\u00e8s de Brazzaville.C\u2019est parti pour cinq nouvelles ann\u00e9es de r\u00e8gne pour Denis Sassou Nguesso. \u00ab L\u2019empereur \u00bb, surnom donn\u00e9 par son pair Alassane Ouattara, cumule 37 ans de pouvoir absolu. Vainqueur d\u00e8s le premier tour de l\u2019\u00e9lection du 21 mars dernier, le chef de file du Parti congolais du Travail (PCT) a d\u00e9clar\u00e9 qu\u2019il a \u00e9t\u00e9 et sera \u00ab le pr\u00e9sident de tous les Congolais sans exclusive \u00bb.<\/p>\n<p>Sassou Nguesso pour qui, \u00ab le travail ne s\u2019arr\u00eatera pas \u00bb, a d\u00e9clin\u00e9 les grands axes de son action pour ce quinquennat : consolider l\u2019Etat de droit, am\u00e9liorer le climat des affaires, lutter contre les antivaleurs, diversifier l\u2019\u00e9conomie et valoriser le capital humain.<\/p>\n<p>Dans son discours d\u2019investiture, le pr\u00e9sident congolais s\u2019est engag\u00e9 \u00ab \u00e0 promouvoir une gouvernance sociale et solidaire \u00bb. Celle-ci devrait prendre forme avec l\u2019av\u00e8nement d\u2019 \u00ab un Etat protecteur \u00bb qui va notamment travailler en faveur de \u00ab l\u2019\u00e9lectricit\u00e9 et l\u2019eau pour tous, l\u2019assurance maladie universelle et l\u2019\u00e9ducation inclusive \u00bb.<\/p>\n<p>S\u00e9ance tenante, Denis Sassou Nguesso a promis de \u00ab doter tous les villages de plus de 100 habitants de l\u2019\u00e9lectricit\u00e9, de l\u2019eau potable et de centre de sant\u00e9 \u00bb. Selon les r\u00e9sultats d\u00e9finitifs publi\u00e9s par la Cour constitutionnelle, il a remport\u00e9 le scrutin pr\u00e9sidentiel en recueillant 88,40 % des suffrages valablement exprim\u00e9s.<\/p>\n<p>F\u00e9lix Tshisekedi, Macky Sall, Bah N\u2019Daw, Umaro Sissoco Embal\u00f3, Roch Marc Christian Kabor\u00e9, Alassane Ouattara, Mohamed Bazoum, Idriss D\u00e9by Itno, Evariste Ndayishimiye, respectivement pr\u00e9sidents de la R\u00e9publique d\u00e9mocratique du Congo, du S\u00e9n\u00e9gal, du Mali, de la Guin\u00e9e Bissau, du Burkina, de la C\u00f4te d\u2019Ivoire, du Niger, du Tchad et du Burundi, ont assist\u00e9 \u00e0 l\u2019investiture de leur homologue congolais.<\/p>\n<\/div>\n<p>Auteur: APA News<br \/>\n<a href=\"https:\/\/www.journalducameroun.com\/congo-denis-sassou-nguesso-investi\/\">Cliquez ici pour lire l&rsquo;article depuis sa source.<\/a><\/p>\n","protected":false},"excerpt":{"rendered":"<p>Publi\u00e9 le 16.04.2021 \u00e0 18h18 par APA News Le pr\u00e9sident r\u00e9\u00e9lu pour un cinqui\u00e8me mandat a pr\u00eat\u00e9 serment, ce vendredi 16 avril, au Palais des congr\u00e8s de Brazzaville.C\u2019est parti pour cinq nouvelles ann\u00e9es de r\u00e8gne pour Denis Sassou Nguesso. \u00ab L\u2019empereur \u00bb, surnom donn\u00e9 par son pair Alassane Ouattara, cumule 37 ans de pouvoir absolu. [&hellip;]<\/p>\n","protected":false},"author":1965,"featured_media":0,"comment_status":"closed","ping_status":"closed","sticky":false,"template":"","format":"standard","meta":{"fifu_image_url":"","fifu_image_alt":"","footnotes":""},"categories":[73,82],"tags":[],"class_list":["post-115066","post","type-post","status-publish","format-standard","hentry","category-actualite","category-cameroun"],"_links":{"self":[{"href":"https:\/\/linitiative.ca\/International\/wp-json\/wp\/v2\/posts\/115066","targetHints":{"allow":["GET"]}}],"collection":[{"href":"https:\/\/linitiative.ca\/International\/wp-json\/wp\/v2\/posts"}],"about":[{"href":"https:\/\/linitiative.ca\/International\/wp-json\/wp\/v2\/types\/post"}],"author":[{"embeddable":true,"href":"https:\/\/linitiative.ca\/International\/wp-json\/wp\/v2\/users\/1965"}],"replies":[{"embeddable":true,"href":"https:\/\/linitiative.ca\/International\/wp-json\/wp\/v2\/comments?post=115066"}],"version-history":[{"count":0,"href":"https:\/\/linitiative.ca\/International\/wp-json\/wp\/v2\/posts\/115066\/revisions"}],"wp:attachment":[{"href":"https:\/\/linitiative.ca\/International\/wp-json\/wp\/v2\/media?parent=115066"}],"wp:term":[{"taxonomy":"category","embeddable":true,"href":"https:\/\/linitiative.ca\/International\/wp-json\/wp\/v2\/categories?post=115066"},{"taxonomy":"post_tag","embeddable":true,"href":"https:\/\/linitiative.ca\/International\/wp-json\/wp\/v2\/tags?post=115066"}],"curies":[{"name":"wp","href":"https:\/\/api.w.org\/{rel}","templated":true}]}}