{"id":115067,"date":"2021-04-16T15:18:01","date_gmt":"2021-04-16T19:18:01","guid":{"rendered":"https:\/\/linitiative.ca\/International\/ethiopie-lonu-doute-du-retrait-des-soldats-erythreens-du-tigre\/"},"modified":"2021-04-16T15:18:01","modified_gmt":"2021-04-16T19:18:01","slug":"ethiopie-lonu-doute-du-retrait-des-soldats-erythreens-du-tigre","status":"publish","type":"post","link":"https:\/\/linitiative.ca\/International\/ethiopie-lonu-doute-du-retrait-des-soldats-erythreens-du-tigre\/","title":{"rendered":"Ethiopie: l\u2019Onu doute du retrait des soldats \u00e9rythr\u00e9ens du Tigr\u00e9"},"content":{"rendered":"<div readability=\"32\">\n<p>Publi\u00e9 le 16.04.2021 \u00e0 20h18 par APA News<\/p>\n<\/div>\n<div readability=\"55\">\n<p>Le Sous-Secr\u00e9taire g\u00e9n\u00e9ral des Nations unies aux affaires humanitaires a d\u00e9clar\u00e9 qu\u2019il n\u2019y a aucune preuve que les troupes \u00e9rythr\u00e9ennes ont commenc\u00e9 \u00e0 se retirer de la r\u00e9gion de Tigr\u00e9.\u00ab Malheureusement, je dois dire que ni l\u2019ONU ni aucune des agences humanitaires avec lesquelles nous travaillons n\u2019ont vu de preuve du retrait des Erythr\u00e9ens de la r\u00e9gion du Tigr\u00e9 en Ethiopie \u00bb, a d\u00e9clar\u00e9 Mark Lowcock lors d\u2019une r\u00e9union \u00e0 huis clos du Conseil de s\u00e9curit\u00e9 de l\u2019Onu.<\/p>\n<p>La r\u00e9union de jeudi \u00e9tait la derni\u00e8re d\u2019une s\u00e9rie de sessions similaires depuis le d\u00e9but du conflit dans la r\u00e9gion \u00e9thiopienne du Tigr\u00e9, o\u00f9 des milliers de personnes ont \u00e9t\u00e9 tu\u00e9es depuis novembre dernier.<\/p>\n<p>L\u2019\u00c9rythr\u00e9e va retirer ses troupes d\u2019\u00c9thiopie pr\u00e8s de cinq mois apr\u00e8s le d\u00e9but du conflit dans cette r\u00e9gion du Nord du pays, avait promis le Premier ministre Abiy Ahmed il y a deux semaines.<\/p>\n<p>Pendant des mois, Addis-Abeba et Asmara ont ni\u00e9 la pr\u00e9sence de troupes \u00e9rythr\u00e9ennes dans le Tigr\u00e9, contredisant ainsi les r\u00e9cits des habitants, des travailleurs humanitaires, des diplomates et m\u00eame de certains responsables civils et militaires \u00e9thiopiens.<\/p>\n<\/div>\n<p>Auteur: APA News<br \/>\n<a href=\"https:\/\/www.journalducameroun.com\/ethiopie-lonu-doute-du-retrait-des-soldats-erythreens-du-tigre\/\">Cliquez ici pour lire l&rsquo;article depuis sa source.<\/a><\/p>\n","protected":false},"excerpt":{"rendered":"<p>Publi\u00e9 le 16.04.2021 \u00e0 20h18 par APA News Le Sous-Secr\u00e9taire g\u00e9n\u00e9ral des Nations unies aux affaires humanitaires a d\u00e9clar\u00e9 qu\u2019il n\u2019y a aucune preuve que les troupes \u00e9rythr\u00e9ennes ont commenc\u00e9 \u00e0 se retirer de la r\u00e9gion de Tigr\u00e9.\u00ab Malheureusement, je dois dire que ni l\u2019ONU ni aucune des agences humanitaires avec lesquelles nous travaillons n\u2019ont [&hellip;]<\/p>\n","protected":false},"author":1965,"featured_media":0,"comment_status":"closed","ping_status":"closed","sticky":false,"template":"","format":"standard","meta":{"fifu_image_url":"","fifu_image_alt":"","footnotes":""},"categories":[73,82],"tags":[],"class_list":["post-115067","post","type-post","status-publish","format-standard","hentry","category-actualite","category-cameroun"],"_links":{"self":[{"href":"https:\/\/linitiative.ca\/International\/wp-json\/wp\/v2\/posts\/115067","targetHints":{"allow":["GET"]}}],"collection":[{"href":"https:\/\/linitiative.ca\/International\/wp-json\/wp\/v2\/posts"}],"about":[{"href":"https:\/\/linitiative.ca\/International\/wp-json\/wp\/v2\/types\/post"}],"author":[{"embeddable":true,"href":"https:\/\/linitiative.ca\/International\/wp-json\/wp\/v2\/users\/1965"}],"replies":[{"embeddable":true,"href":"https:\/\/linitiative.ca\/International\/wp-json\/wp\/v2\/comments?post=115067"}],"version-history":[{"count":0,"href":"https:\/\/linitiative.ca\/International\/wp-json\/wp\/v2\/posts\/115067\/revisions"}],"wp:attachment":[{"href":"https:\/\/linitiative.ca\/International\/wp-json\/wp\/v2\/media?parent=115067"}],"wp:term":[{"taxonomy":"category","embeddable":true,"href":"https:\/\/linitiative.ca\/International\/wp-json\/wp\/v2\/categories?post=115067"},{"taxonomy":"post_tag","embeddable":true,"href":"https:\/\/linitiative.ca\/International\/wp-json\/wp\/v2\/tags?post=115067"}],"curies":[{"name":"wp","href":"https:\/\/api.w.org\/{rel}","templated":true}]}}