{"id":115068,"date":"2021-04-16T15:18:02","date_gmt":"2021-04-16T19:18:02","guid":{"rendered":"https:\/\/linitiative.ca\/International\/afsud-pas-de-report-des-elections-locales\/"},"modified":"2021-04-16T15:18:02","modified_gmt":"2021-04-16T19:18:02","slug":"afsud-pas-de-report-des-elections-locales","status":"publish","type":"post","link":"https:\/\/linitiative.ca\/International\/afsud-pas-de-report-des-elections-locales\/","title":{"rendered":"Af\u2019Sud : pas de report des \u00e9lections locales"},"content":{"rendered":"<div readability=\"32\">\n<p>Publi\u00e9 le 16.04.2021 \u00e0 20h18 par APA News<\/p>\n<\/div>\n<div readability=\"70\">\n<p>Les \u00e9lections locales sud-africaines vont se tenir cette ann\u00e9e, malgr\u00e9 les inqui\u00e9tudes li\u00e9es \u00e0 la Covid-19.Le pr\u00e9sident Cyril Ramaphosa qui s\u2019exprimait, hier jeudi lors d\u2019un meeting, a promis que les locales vont se d\u00e9rouler comme pr\u00e9vu en octobre 2021.<\/p>\n<p>Le pr\u00e9sident a fait cette d\u00e9claration suite \u00e0 une r\u00e9union de la Commission \u00e9lectorale ind\u00e9pendante (IEC) du pays pour discuter d\u2019un \u00e9ventuel report des \u00e9lections d\u2019octobre, suite aux appels du parti d\u2019opposition \u00ab Economic Freedom Fighters (EFF) \u00bb.<\/p>\n<p>Le leader de l\u2019EFF, Julius Malema, a demand\u00e9 l\u2019annulation des \u00e9lections locales en raison de l\u2019\u00e9tat d\u2019urgence actuel du pays, d\u00fb au coronavirus, qui emp\u00eachera les partis de faire campagne efficacement et librement en raison des interdictions de rassemblement.<\/p>\n<p>Faisant campagne pour les \u00e9lections locales partielles qui se tiendront la semaine prochaine dans plusieurs circonscriptions du pays, M. Ramaphosa a d\u00e9clar\u00e9 que les suggestions visant \u00e0 reporter les \u00e9lections locales d\u2019octobre ne sont pas justifi\u00e9es.<\/p>\n<p>\u00ab Allons aux urnes. Car c\u2019est l\u00e0 que nous pourrons choisir le Congr\u00e8s national africain qui nous fera avancer \u00bb, a d\u00e9clar\u00e9 M. Ramaphosa.<\/p>\n<p>En ce qui concerne les prochaines \u00e9lections locales partielles, le pr\u00e9sident a appel\u00e9 \u00e0 voter pour l\u2019ANC au pouvoir \u00e0 Durban et \u00ab tout au long des six autres \u00e9lections partielles ailleurs\u00a0\u00bb.<\/p>\n<p>Le pr\u00e9sident a d\u00e9clar\u00e9 que son gouvernement a \u00ab travaill\u00e9 plus dur \u00bb pour le peuple sud-africain pendant la p\u00e9riode \u00e9prouvante de la Covid-19, soulignant la n\u00e9cessit\u00e9 de tenir les \u00e9lections locales, malgr\u00e9 la pand\u00e9mie qui a tu\u00e9 plus de 54.000 personnes dans le pays.<\/p>\n<\/div>\n<p>Auteur: APA News<br \/>\n<a href=\"https:\/\/www.journalducameroun.com\/afsud-pas-de-report-des-elections-locales\/\">Cliquez ici pour lire l&rsquo;article depuis sa source.<\/a><\/p>\n","protected":false},"excerpt":{"rendered":"<p>Publi\u00e9 le 16.04.2021 \u00e0 20h18 par APA News Les \u00e9lections locales sud-africaines vont se tenir cette ann\u00e9e, malgr\u00e9 les inqui\u00e9tudes li\u00e9es \u00e0 la Covid-19.Le pr\u00e9sident Cyril Ramaphosa qui s\u2019exprimait, hier jeudi lors d\u2019un meeting, a promis que les locales vont se d\u00e9rouler comme pr\u00e9vu en octobre 2021. Le pr\u00e9sident a fait cette d\u00e9claration suite \u00e0 [&hellip;]<\/p>\n","protected":false},"author":1965,"featured_media":0,"comment_status":"closed","ping_status":"closed","sticky":false,"template":"","format":"standard","meta":{"fifu_image_url":"","fifu_image_alt":"","footnotes":""},"categories":[73,82],"tags":[],"class_list":["post-115068","post","type-post","status-publish","format-standard","hentry","category-actualite","category-cameroun"],"_links":{"self":[{"href":"https:\/\/linitiative.ca\/International\/wp-json\/wp\/v2\/posts\/115068","targetHints":{"allow":["GET"]}}],"collection":[{"href":"https:\/\/linitiative.ca\/International\/wp-json\/wp\/v2\/posts"}],"about":[{"href":"https:\/\/linitiative.ca\/International\/wp-json\/wp\/v2\/types\/post"}],"author":[{"embeddable":true,"href":"https:\/\/linitiative.ca\/International\/wp-json\/wp\/v2\/users\/1965"}],"replies":[{"embeddable":true,"href":"https:\/\/linitiative.ca\/International\/wp-json\/wp\/v2\/comments?post=115068"}],"version-history":[{"count":0,"href":"https:\/\/linitiative.ca\/International\/wp-json\/wp\/v2\/posts\/115068\/revisions"}],"wp:attachment":[{"href":"https:\/\/linitiative.ca\/International\/wp-json\/wp\/v2\/media?parent=115068"}],"wp:term":[{"taxonomy":"category","embeddable":true,"href":"https:\/\/linitiative.ca\/International\/wp-json\/wp\/v2\/categories?post=115068"},{"taxonomy":"post_tag","embeddable":true,"href":"https:\/\/linitiative.ca\/International\/wp-json\/wp\/v2\/tags?post=115068"}],"curies":[{"name":"wp","href":"https:\/\/api.w.org\/{rel}","templated":true}]}}