{"id":115069,"date":"2021-04-16T03:19:10","date_gmt":"2021-04-16T07:19:10","guid":{"rendered":"https:\/\/linitiative.ca\/International\/3-projets-de-textes-dapplication-en-vue-pour-encadrer-lactivite-statistique\/"},"modified":"2021-04-16T03:19:10","modified_gmt":"2021-04-16T07:19:10","slug":"3-projets-de-textes-dapplication-en-vue-pour-encadrer-lactivite-statistique","status":"publish","type":"post","link":"https:\/\/linitiative.ca\/International\/3-projets-de-textes-dapplication-en-vue-pour-encadrer-lactivite-statistique\/","title":{"rendered":"3 projets de textes d\u2019application en vue pour encadrer l\u2019activit\u00e9 statistique"},"content":{"rendered":"<p>Le ministre de l\u2019Economie, de la planification et de l\u2019am\u00e9nagement du territoire (Minepat), Alamine Ousmane Mey,\u00a0\u00a0a pr\u00e9sid\u00e9 ce 15 avril 2021, la deuxi\u00e8me session extraordinaire du Conseil National de la Statistique (CNS), en sa qualit\u00e9 de Pr\u00e9sident dudit conseil. Il \u00e9tait question au cours de celle-ci, d\u2019examiner et de valider trois projets de textes d\u2019application de la loi 2020\/010 du 20 juillet 2020 r\u00e9gissant l\u2019activit\u00e9 statistique au Cameroun, et d\u2019adopter le plan d\u2019action de la troisi\u00e8me Strat\u00e9gie Nationale de D\u00e9veloppement de la Statistique pour la p\u00e9riode 2021-2030 ( Snds30).<\/p>\n<p><strong>Lire aussi<\/strong> : <strong><a href=\"https:\/\/ecomatin.net\/strategie-de-developpement-le-minepat-garant-du-success-de-la-snd30\/\">Strat\u00e9gie de d\u00e9veloppement : le Minepat garant du succ\u00e8s de la SND30<\/a><\/strong><\/p>\n<p>S\u2019agissant de trois textes qui devaient recevoir le quitus du CNS, il s\u2019agissait\u00a0: de l\u2019avant-projet de d\u00e9cret fixant les modalit\u00e9s d\u2019application de la loi 2020\/010 du 20 juillet 2020 r\u00e9gissant l\u2019activit\u00e9 statistique au Cameroun ; de l\u2019avant-projet de d\u00e9cret portant organisation et fonctionnement du Conseil National de la Statistique ; et de l\u2019avant-projet d\u2019arr\u00eat\u00e9 fixant les conditions d\u2019attribution du visa statistique, en application des dispositions de l\u2019article 4 de la loi.<\/p>\n<p>Indiquons que la loi promulgu\u00e9e le 20 juillet 2020, sur la laquelle part ses textes d\u2019application, modifie et compl\u00e8te la loi n\u00b091\/023 du 16 d\u00e9cembre 1991. Elle consacre en ses articles 3, 4, 20 et 23 de nouveaux instruments tels que la Strat\u00e9gie Nationale de D\u00e9veloppement de la Statistique (Snds), le visa statistique, le Syst\u00e8me national d\u2019information statistique (Snis) et pr\u00e9voit l\u2019application des dispositions de la loi.<\/p>\n<p><strong>Lire aussi<\/strong> : <strong><a href=\"https:\/\/ecomatin.net\/statistiques-agricoless-le-recensement-general-agricole-dans-les-tiroirs-depuis-8-ans\/\">Statistiques agricoles: le recensement g\u00e9n\u00e9ral agricole dans les tiroirs depuis 8 ans<\/a><\/strong><\/p>\n<p>S\u2019agissant du deuxi\u00e8me volet de la rencontre de ce jour portant sur l\u2019examen et la validation\u00a0\u00a0du plan d\u2019action de la Strat\u00e9gie nationale de D\u00e9veloppement de la Statistique 2021-2030 (Snds30) adoss\u00e9 sur la Strat\u00e9gie nationale de d\u00e9veloppement 2020-2030 du Cameroun, le ministre de l\u2019Economie a indiqu\u00e9 que \u00abla loi du 20 juillet 2020 consacre la Strat\u00e9gie nationale de d\u00e9veloppement de la Statistique (SNDS) comme cadre de r\u00e9f\u00e9rence de modernisation du syst\u00e8me statistique national\u00a0\u00bb, d\u2019o\u00f9 la n\u00e9cessit\u00e9 d\u2019adopt\u00e9 un plan de plan d\u2019action.<\/p>\n<p><strong>Lire aussi<\/strong> : <strong><a href=\"https:\/\/ecomatin.net\/comptes-nationaux-le-pib-du-cameroun-passe-a-20-0386-milliards-de-fcfa-en-2016\/\">Comptes nationaux : le PIB du Cameroun passe \u00e0 20 038,6 milliards de FCFA en 2016<\/a><\/strong><\/p>\n<p>Auteur: Cindy MBALA<br \/>\n<a href=\"https:\/\/ecomatin.net\/3-projets-de-textes-dapplication-en-vue-pour-encadrer-lactivite-statistique\/\">Cliquez ici pour lire l&rsquo;article depuis sa source.<\/a><\/p>\n","protected":false},"excerpt":{"rendered":"<p>Le ministre de l\u2019Economie, de la planification et de l\u2019am\u00e9nagement du territoire (Minepat), Alamine Ousmane Mey,\u00a0\u00a0a pr\u00e9sid\u00e9 ce 15 avril 2021, la deuxi\u00e8me session extraordinaire du Conseil National de la Statistique (CNS), en sa qualit\u00e9 de Pr\u00e9sident dudit conseil. Il \u00e9tait question au cours de celle-ci, d\u2019examiner et de valider trois projets de textes d\u2019application [&hellip;]<\/p>\n","protected":false},"author":1969,"featured_media":0,"comment_status":"closed","ping_status":"closed","sticky":false,"template":"","format":"standard","meta":{"fifu_image_url":"","fifu_image_alt":"","footnotes":""},"categories":[82,78],"tags":[],"class_list":["post-115069","post","type-post","status-publish","format-standard","hentry","category-cameroun","category-economie"],"_links":{"self":[{"href":"https:\/\/linitiative.ca\/International\/wp-json\/wp\/v2\/posts\/115069","targetHints":{"allow":["GET"]}}],"collection":[{"href":"https:\/\/linitiative.ca\/International\/wp-json\/wp\/v2\/posts"}],"about":[{"href":"https:\/\/linitiative.ca\/International\/wp-json\/wp\/v2\/types\/post"}],"author":[{"embeddable":true,"href":"https:\/\/linitiative.ca\/International\/wp-json\/wp\/v2\/users\/1969"}],"replies":[{"embeddable":true,"href":"https:\/\/linitiative.ca\/International\/wp-json\/wp\/v2\/comments?post=115069"}],"version-history":[{"count":0,"href":"https:\/\/linitiative.ca\/International\/wp-json\/wp\/v2\/posts\/115069\/revisions"}],"wp:attachment":[{"href":"https:\/\/linitiative.ca\/International\/wp-json\/wp\/v2\/media?parent=115069"}],"wp:term":[{"taxonomy":"category","embeddable":true,"href":"https:\/\/linitiative.ca\/International\/wp-json\/wp\/v2\/categories?post=115069"},{"taxonomy":"post_tag","embeddable":true,"href":"https:\/\/linitiative.ca\/International\/wp-json\/wp\/v2\/tags?post=115069"}],"curies":[{"name":"wp","href":"https:\/\/api.w.org\/{rel}","templated":true}]}}